{"id":15278,"date":"2019-03-07T15:45:29","date_gmt":"2019-03-07T21:45:29","guid":{"rendered":"https:\/\/kdc1000.wpengine.com\/?p=15278"},"modified":"2024-12-02T15:05:49","modified_gmt":"2024-12-02T20:05:49","slug":"seg-media-collective-march-2019","status":"publish","type":"post","link":"https:\/\/www.kansascommerce.gov\/es\/2019\/03\/seg-media-collective-march-2019\/","title":{"rendered":"SEG Media Collective marzo de 2019"},"content":{"rendered":"<h2 class=\"wp-block-heading\" id=\"h-minority-women-business-spotlight\">Empresas de mujeres y minor\u00edas<\/h2>\n\n\n\n<figure><iframe src=\"https:\/\/www.youtube.com\/embed\/lT3DRzjc_rY\" title=\"V\u00eddeo del Colectivo SEG Media sobre las empresas de minor\u00edas y mujeres en marzo\" width=\"560\" height=\"315\" allowfullscreen=\"allowfullscreen\"><\/iframe><\/figure>\n\n\n\n<h2 class=\"wp-block-heading\" id=\"h-company-information\">INFORMACI\u00d3N DE LA EMPRESA<\/h2>\n\n\n\n<p class=\"wp-block-paragraph\"><strong>Nombre comercial:<\/strong>&nbsp;COLECTIVO SEG MEDIA<\/p>\n\n\n\n<p class=\"wp-block-paragraph\"><strong>Correo electr\u00f3nico<\/strong>: Hello@SEG.media<\/p>\n\n\n\n<p class=\"wp-block-paragraph\"><strong>N\u00famero de contacto de la empresa<\/strong>: (540) 815-4402<\/p>\n\n\n\n<p class=\"wp-block-paragraph\"><strong>Direcci\u00f3n profesional<\/strong>923 Westport Place, Suite 130D Manhattan, KS<\/p>\n\n\n\n<p class=\"wp-block-paragraph\"><strong>P\u00e1gina web:&nbsp;<\/strong>&nbsp;<a href=\"https:\/\/seg.media\/\">SEG.media<\/a><\/p>\n\n\n\n<p class=\"wp-block-paragraph\"><strong>Redes sociales:<\/strong>&nbsp;https:\/\/www.facebook.com\/SEGMediaCollective<\/p>\n\n\n\n<figure class=\"wp-block-image size-large\"><img fetchpriority=\"high\" decoding=\"async\" width=\"1024\" height=\"630\" src=\"https:\/\/www.kansascommerce.gov\/wp-content\/uploads\/2020\/08\/41AC7220-EB4F-46EA-AD9D-11C91761AA90-e1552667285881-1024x630-1.jpg\" alt=\"SEG Media with Kareem\" class=\"wp-image-22087\" srcset=\"https:\/\/www.kansascommerce.gov\/wp-content\/uploads\/2020\/08\/41AC7220-EB4F-46EA-AD9D-11C91761AA90-e1552667285881-1024x630-1.jpg 1024w, https:\/\/www.kansascommerce.gov\/wp-content\/uploads\/2020\/08\/41AC7220-EB4F-46EA-AD9D-11C91761AA90-e1552667285881-1024x630-1-300x185.jpg 300w, https:\/\/www.kansascommerce.gov\/wp-content\/uploads\/2020\/08\/41AC7220-EB4F-46EA-AD9D-11C91761AA90-e1552667285881-1024x630-1-768x473.jpg 768w\" sizes=\"(max-width: 1024px) 100vw, 1024px\" \/><\/figure>\n\n\n\n<h2 class=\"wp-block-heading\" id=\"h-about-us\">SOBRE NOSOTROS<\/h2>\n\n\n\n<p class=\"wp-block-paragraph\"><strong>Actividad principal<\/strong>: Marketing<\/p>\n\n\n\n<p class=\"wp-block-paragraph\"><strong>N\u00famero de empleados (incluido el propietario):<\/strong>&nbsp;Tres<\/p>\n\n\n\n<p class=\"wp-block-paragraph\"><strong>\u00bfCu\u00e1nto tiempo lleva en el negocio?<\/strong>&nbsp;Tres a\u00f1os<\/p>\n\n\n\n<p class=\"wp-block-paragraph\"><strong>\u00bfCu\u00e1l es su filosof\u00eda empresarial?&nbsp;<\/strong>&nbsp;Las ideas inspiran el cambio. Nuestra misi\u00f3n es crear un cambio positivo en los negocios de nuestros clientes a trav\u00e9s del marketing estrat\u00e9gico y la formaci\u00f3n.<\/p>\n\n\n\n<h2 class=\"wp-block-heading\" id=\"h-about-the-owner\">SOBRE EL PROPIETARIO<\/h2>\n\n\n\n<p class=\"wp-block-paragraph\"><strong>Nombre del propietario:<\/strong>&nbsp;&nbsp;Sheila Ellis-Glasper<\/p>\n\n\n\n<p class=\"wp-block-paragraph\"><strong>\u00bfCu\u00e1l es su formaci\u00f3n?<\/strong>? Periodista\/propietario de peque\u00f1a empresa y gestor de medios sociales para K-State - consultor de medios digitales del centro de desarrollo de la peque\u00f1a empresa<\/p>\n\n\n\n<p class=\"wp-block-paragraph\"><strong>\u00bfQu\u00e9 le inspir\u00f3 para crear su empresa?&nbsp;<\/strong>Nos encantan las peque\u00f1as empresas y \u00bfqu\u00e9 mejor manera de demostrar nuestro amor por ellas que ayudarlas a crecer? Me inspiran las muchas empresarias negras que se han hecho a s\u00ed mismas y han conseguido algo de la nada. Que superaron las adversidades y crearon su propio \u00e9xito.<\/p>\n\n\n\n<figure class=\"wp-block-image size-large\"><img decoding=\"async\" width=\"1024\" height=\"681\" src=\"https:\/\/www.kansascommerce.gov\/wp-content\/uploads\/2020\/08\/C2F93E09-9F94-4804-BD1F-5A28EF69381B-1024x681-1.jpg\" alt=\"SEG Media Community\" class=\"wp-image-22086\" srcset=\"https:\/\/www.kansascommerce.gov\/wp-content\/uploads\/2020\/08\/C2F93E09-9F94-4804-BD1F-5A28EF69381B-1024x681-1.jpg 1024w, https:\/\/www.kansascommerce.gov\/wp-content\/uploads\/2020\/08\/C2F93E09-9F94-4804-BD1F-5A28EF69381B-1024x681-1-300x200.jpg 300w, https:\/\/www.kansascommerce.gov\/wp-content\/uploads\/2020\/08\/C2F93E09-9F94-4804-BD1F-5A28EF69381B-1024x681-1-768x511.jpg 768w, https:\/\/www.kansascommerce.gov\/wp-content\/uploads\/2020\/08\/C2F93E09-9F94-4804-BD1F-5A28EF69381B-1024x681-1-391x260.jpg 391w\" sizes=\"(max-width: 1024px) 100vw, 1024px\" \/><\/figure>\n\n\n\n<h2 class=\"wp-block-heading\" id=\"h-services\">SERVICIOS<\/h2>\n\n\n\n<p class=\"wp-block-paragraph\"><strong>\u00bfQu\u00e9 le gusta de hacer negocios en Kansas?<\/strong>&nbsp;Kansas es mi hogar. Ayudar a nuestros clientes a ganar es una victoria para nosotros y, en \u00faltima instancia, para nuestra comunidad.<\/p>\n\n\n\n<p class=\"wp-block-paragraph\"><strong>\u00bfQu\u00e9 diferencia a su empresa de la competencia?<\/strong>&nbsp;Gesti\u00f3n de redes sociales \/ precios competitivos \/ capacidad para aceptar proyectos grandes y peque\u00f1os a precios asequibles<\/p>\n\n\n\n<p class=\"wp-block-paragraph\"><strong>\u00bfC\u00f3mo participa su empresa en la comunidad?<\/strong>&nbsp;Retribuimos a diversas organizaciones y participamos regularmente en la C\u00e1mara de Comercio y en One Million Cups.<\/p>\n\n\n\n<h2 class=\"wp-block-heading\" id=\"h-question-answer-session\">SESI\u00d3N DE PREGUNTAS Y RESPUESTAS<\/h2>\n\n\n\n<p class=\"wp-block-paragraph\"><strong>\u00bfPor qu\u00e9 deber\u00eda su empresa figurar en el centro de atenci\u00f3n de empresas de minor\u00edas y mujeres?<\/strong>&nbsp;Hemos trabajado muy duro para construir nuestra empresa y una oportunidad como esta ser\u00eda una recompensa incre\u00edble para obtener reconocimiento y ayudar a dar a conocer nuestros servicios.<\/p>\n\n\n\n<p class=\"wp-block-paragraph\"><strong>\u00bfCu\u00e1l ha sido la mayor \"victoria\" en la historia de su empresa?&nbsp;<\/strong>COLECTIVO SEG MEDIA<\/p>\n\n\n\n<p class=\"wp-block-paragraph\"><strong>\u00bfCu\u00e1l es la lecci\u00f3n m\u00e1s valiosa que ha aprendido y que compartir\u00eda con otros empresarios?&nbsp;<\/strong>Conoce tu val\u00eda y s\u00e9 fiel a lo que eres.<\/p>\n\n\n\n<p class=\"wp-block-paragraph\"><strong>Cu\u00e9ntenos un hecho interesante y divertido sobre su empresa.<\/strong>&nbsp;Nuestro propietario tuvo la oportunidad de entrevistar a la leyenda de la NBA Kareem Abdul Jabbar. Llevar comida a una reuni\u00f3n de brainstorming siempre es una motivaci\u00f3n extra para tener ideas incre\u00edbles.<\/p>\n\n\n\n<figure class=\"wp-block-image size-large\"><img decoding=\"async\" width=\"1024\" height=\"739\" src=\"https:\/\/www.kansascommerce.gov\/wp-content\/uploads\/2020\/08\/CFB62AC7-A6F5-4690-A6A1-9465331DA4E3-1024x739-1.jpg\" alt=\"SEG Media Presentation\" class=\"wp-image-22085\" srcset=\"https:\/\/www.kansascommerce.gov\/wp-content\/uploads\/2020\/08\/CFB62AC7-A6F5-4690-A6A1-9465331DA4E3-1024x739-1.jpg 1024w, https:\/\/www.kansascommerce.gov\/wp-content\/uploads\/2020\/08\/CFB62AC7-A6F5-4690-A6A1-9465331DA4E3-1024x739-1-300x217.jpg 300w, https:\/\/www.kansascommerce.gov\/wp-content\/uploads\/2020\/08\/CFB62AC7-A6F5-4690-A6A1-9465331DA4E3-1024x739-1-768x554.jpg 768w\" sizes=\"(max-width: 1024px) 100vw, 1024px\" \/><\/figure>","protected":false},"excerpt":{"rendered":"<p>Minority &amp; Women Business Spotlight INFORMACI\u00d3N DE LA EMPRESA Nombre de la empresa: SEG MEDIA COLLECTIVE Correo electr\u00f3nico: Hello@SEG.media N\u00famero de contacto de la empresa: (540) 815-4402 Direcci\u00f3n de la empresa: 923 Westport Place, Suite 130D Manhattan, KS Website:  SEG.media Redes sociales: https:\/\/www.facebook.com\/SEGMediaCollective SOBRE NOSOTROS Actividad principal: ... <\/p>","protected":false},"author":20,"featured_media":22088,"comment_status":"closed","ping_status":"open","sticky":false,"template":"","format":"standard","meta":{"_acf_changed":false,"_eb_attr":"","_monsterinsights_skip_tracking":false,"footnotes":"","_members_access_role":[],"_members_access_error":""},"categories":[11],"tags":[],"class_list":["post-15278","post","type-post","status-publish","format-standard","has-post-thumbnail","hentry","category-press-releases"],"acf":[],"yoast_head":"<!-- This site is optimized with the Yoast SEO plugin v28.3 - https:\/\/yoast.com\/product\/yoast-seo-wordpress\/ -->\n<title>SEG Media Collective March 2019 - Kansas Department of Commerce<\/title>\n<meta name=\"description\" content=\"Kansas supports and promotes women and minority-owned businesses. Every month, Kansas Commerce highlights a small, minority and women-owned business in Kansas.\" \/>\n<meta name=\"robots\" content=\"index, follow, max-snippet:-1, max-image-preview:large, max-video-preview:-1\" \/>\n<link rel=\"canonical\" href=\"https:\/\/www.kansascommerce.gov\/es\/2019\/03\/seg-media-collective-march-2019\/\" \/>\n<meta property=\"og:locale\" content=\"es_ES\" \/>\n<meta property=\"og:type\" content=\"article\" \/>\n<meta property=\"og:title\" content=\"March 2019 Spotlight Business\" \/>\n<meta property=\"og:description\" content=\"Kansas supports and promotes women and minority-owned businesses. Every month, Kansas Commerce highlights a small, minority and women-owned business in Kansas.\" \/>\n<meta property=\"og:url\" content=\"https:\/\/www.kansascommerce.gov\/es\/2019\/03\/seg-media-collective-march-2019\/\" \/>\n<meta property=\"og:site_name\" content=\"Kansas Department of Commerce\" \/>\n<meta property=\"article:publisher\" content=\"https:\/\/www.facebook.com\/KansasCommerce\/\" \/>\n<meta property=\"article:published_time\" content=\"2019-03-07T21:45:29+00:00\" \/>\n<meta property=\"article:modified_time\" content=\"2024-12-02T20:05:49+00:00\" \/>\n<meta property=\"og:image\" content=\"https:\/\/www.kansascommerce.gov\/wp-content\/uploads\/2020\/09\/KDC_OG-MEta.jpg\" \/>\n\t<meta property=\"og:image:width\" content=\"1200\" \/>\n\t<meta property=\"og:image:height\" content=\"630\" \/>\n\t<meta property=\"og:image:type\" content=\"image\/jpeg\" \/>\n<meta name=\"author\" content=\"Theo Stavropoulos\" \/>\n<meta name=\"twitter:card\" content=\"summary_large_image\" \/>\n<meta name=\"twitter:title\" content=\"March 2019 Spotlight Business\" \/>\n<meta name=\"twitter:description\" content=\"Kansas supports and promotes women and minority-owned businesses. Every month, Kansas Commerce highlights a small, minority and women-owned business in Kansas.\" \/>\n<meta name=\"twitter:creator\" content=\"@KansasCommerce\" \/>\n<meta name=\"twitter:site\" content=\"@KansasCommerce\" \/>\n<meta name=\"twitter:label1\" content=\"Escrito por\" \/>\n\t<meta name=\"twitter:data1\" content=\"Theo Stavropoulos\" \/>\n\t<meta name=\"twitter:label2\" content=\"Tiempo de lectura\" \/>\n\t<meta name=\"twitter:data2\" content=\"3 minutos\" \/>\n<script type=\"application\/ld+json\" class=\"yoast-schema-graph\">{\"@context\":\"https:\\\/\\\/schema.org\",\"@graph\":[{\"@type\":\"Article\",\"@id\":\"https:\\\/\\\/www.kansascommerce.gov\\\/2019\\\/03\\\/seg-media-collective-march-2019\\\/#article\",\"isPartOf\":{\"@id\":\"https:\\\/\\\/www.kansascommerce.gov\\\/2019\\\/03\\\/seg-media-collective-march-2019\\\/\"},\"author\":{\"name\":\"Theo Stavropoulos\",\"@id\":\"https:\\\/\\\/www.kansascommerce.gov\\\/#\\\/schema\\\/person\\\/b431e3dce31b0a58fd4b15a0e69821bb\"},\"headline\":\"SEG Media Collective March 2019\",\"datePublished\":\"2019-03-07T21:45:29+00:00\",\"dateModified\":\"2024-12-02T20:05:49+00:00\",\"mainEntityOfPage\":{\"@id\":\"https:\\\/\\\/www.kansascommerce.gov\\\/2019\\\/03\\\/seg-media-collective-march-2019\\\/\"},\"wordCount\":405,\"publisher\":{\"@id\":\"https:\\\/\\\/www.kansascommerce.gov\\\/#organization\"},\"image\":{\"@id\":\"https:\\\/\\\/www.kansascommerce.gov\\\/2019\\\/03\\\/seg-media-collective-march-2019\\\/#primaryimage\"},\"thumbnailUrl\":\"https:\\\/\\\/www.kansascommerce.gov\\\/wp-content\\\/uploads\\\/2020\\\/08\\\/66FA0B62-7732-4EF8-856F-C3C711F7A6BC.jpg\",\"articleSection\":[\"Press Releases\"],\"inLanguage\":\"es\"},{\"@type\":\"WebPage\",\"@id\":\"https:\\\/\\\/www.kansascommerce.gov\\\/2019\\\/03\\\/seg-media-collective-march-2019\\\/\",\"url\":\"https:\\\/\\\/www.kansascommerce.gov\\\/2019\\\/03\\\/seg-media-collective-march-2019\\\/\",\"name\":\"SEG Media Collective March 2019 - Kansas Department of Commerce\",\"isPartOf\":{\"@id\":\"https:\\\/\\\/www.kansascommerce.gov\\\/#website\"},\"primaryImageOfPage\":{\"@id\":\"https:\\\/\\\/www.kansascommerce.gov\\\/2019\\\/03\\\/seg-media-collective-march-2019\\\/#primaryimage\"},\"image\":{\"@id\":\"https:\\\/\\\/www.kansascommerce.gov\\\/2019\\\/03\\\/seg-media-collective-march-2019\\\/#primaryimage\"},\"thumbnailUrl\":\"https:\\\/\\\/www.kansascommerce.gov\\\/wp-content\\\/uploads\\\/2020\\\/08\\\/66FA0B62-7732-4EF8-856F-C3C711F7A6BC.jpg\",\"datePublished\":\"2019-03-07T21:45:29+00:00\",\"dateModified\":\"2024-12-02T20:05:49+00:00\",\"description\":\"Kansas supports and promotes women and minority-owned businesses. Every month, Kansas Commerce highlights a small, minority and women-owned business in Kansas.\",\"breadcrumb\":{\"@id\":\"https:\\\/\\\/www.kansascommerce.gov\\\/2019\\\/03\\\/seg-media-collective-march-2019\\\/#breadcrumb\"},\"inLanguage\":\"es\",\"potentialAction\":[{\"@type\":\"ReadAction\",\"target\":[\"https:\\\/\\\/www.kansascommerce.gov\\\/2019\\\/03\\\/seg-media-collective-march-2019\\\/\"]}]},{\"@type\":\"ImageObject\",\"inLanguage\":\"es\",\"@id\":\"https:\\\/\\\/www.kansascommerce.gov\\\/2019\\\/03\\\/seg-media-collective-march-2019\\\/#primaryimage\",\"url\":\"https:\\\/\\\/www.kansascommerce.gov\\\/wp-content\\\/uploads\\\/2020\\\/08\\\/66FA0B62-7732-4EF8-856F-C3C711F7A6BC.jpg\",\"contentUrl\":\"https:\\\/\\\/www.kansascommerce.gov\\\/wp-content\\\/uploads\\\/2020\\\/08\\\/66FA0B62-7732-4EF8-856F-C3C711F7A6BC.jpg\",\"width\":534,\"height\":534},{\"@type\":\"BreadcrumbList\",\"@id\":\"https:\\\/\\\/www.kansascommerce.gov\\\/2019\\\/03\\\/seg-media-collective-march-2019\\\/#breadcrumb\",\"itemListElement\":[{\"@type\":\"ListItem\",\"position\":1,\"name\":\"Home\",\"item\":\"https:\\\/\\\/www.kansascommerce.gov\\\/\"},{\"@type\":\"ListItem\",\"position\":2,\"name\":\"SEG Media Collective March 2019\"}]},{\"@type\":\"WebSite\",\"@id\":\"https:\\\/\\\/www.kansascommerce.gov\\\/#website\",\"url\":\"https:\\\/\\\/www.kansascommerce.gov\\\/\",\"name\":\"Kansas Department of Commerce\",\"description\":\"Empowering Prosperity\",\"publisher\":{\"@id\":\"https:\\\/\\\/www.kansascommerce.gov\\\/#organization\"},\"potentialAction\":[{\"@type\":\"SearchAction\",\"target\":{\"@type\":\"EntryPoint\",\"urlTemplate\":\"https:\\\/\\\/www.kansascommerce.gov\\\/?s={search_term_string}\"},\"query-input\":{\"@type\":\"PropertyValueSpecification\",\"valueRequired\":true,\"valueName\":\"search_term_string\"}}],\"inLanguage\":\"es\"},{\"@type\":\"Organization\",\"@id\":\"https:\\\/\\\/www.kansascommerce.gov\\\/#organization\",\"name\":\"Kansas Department of Commerce\",\"url\":\"https:\\\/\\\/www.kansascommerce.gov\\\/\",\"logo\":{\"@type\":\"ImageObject\",\"inLanguage\":\"es\",\"@id\":\"https:\\\/\\\/www.kansascommerce.gov\\\/#\\\/schema\\\/logo\\\/image\\\/\",\"url\":\"https:\\\/\\\/www.kansascommerce.gov\\\/wp-content\\\/uploads\\\/2020\\\/07\\\/kdc_logo.png\",\"contentUrl\":\"https:\\\/\\\/www.kansascommerce.gov\\\/wp-content\\\/uploads\\\/2020\\\/07\\\/kdc_logo.png\",\"width\":600,\"height\":347,\"caption\":\"Kansas Department of Commerce\"},\"image\":{\"@id\":\"https:\\\/\\\/www.kansascommerce.gov\\\/#\\\/schema\\\/logo\\\/image\\\/\"},\"sameAs\":[\"https:\\\/\\\/www.facebook.com\\\/KansasCommerce\\\/\",\"https:\\\/\\\/x.com\\\/KansasCommerce\",\"https:\\\/\\\/www.linkedin.com\\\/company\\\/kansas-department-of-commerce\\\/\"]},{\"@type\":\"Person\",\"@id\":\"https:\\\/\\\/www.kansascommerce.gov\\\/#\\\/schema\\\/person\\\/b431e3dce31b0a58fd4b15a0e69821bb\",\"name\":\"Theo Stavropoulos\",\"image\":{\"@type\":\"ImageObject\",\"inLanguage\":\"es\",\"@id\":\"https:\\\/\\\/secure.gravatar.com\\\/avatar\\\/5c4a05fc2e649ca3dca4008ab861a446f4d18bbef6fc9509ab5f0b5978070c14?s=96&d=mm&r=g\",\"url\":\"https:\\\/\\\/secure.gravatar.com\\\/avatar\\\/5c4a05fc2e649ca3dca4008ab861a446f4d18bbef6fc9509ab5f0b5978070c14?s=96&d=mm&r=g\",\"contentUrl\":\"https:\\\/\\\/secure.gravatar.com\\\/avatar\\\/5c4a05fc2e649ca3dca4008ab861a446f4d18bbef6fc9509ab5f0b5978070c14?s=96&d=mm&r=g\",\"caption\":\"Theo Stavropoulos\"},\"url\":\"https:\\\/\\\/www.kansascommerce.gov\\\/es\\\/author\\\/theo\\\/\"}]}<\/script>\n<!-- \/ Yoast SEO plugin. -->","yoast_head_json":{"title":"SEG Media Collective March 2019 - Kansas Department of Commerce","description":"Kansas supports and promotes women and minority-owned businesses. Every month, Kansas Commerce highlights a small, minority and women-owned business in Kansas.","robots":{"index":"index","follow":"follow","max-snippet":"max-snippet:-1","max-image-preview":"max-image-preview:large","max-video-preview":"max-video-preview:-1"},"canonical":"https:\/\/www.kansascommerce.gov\/es\/2019\/03\/seg-media-collective-march-2019\/","og_locale":"es_ES","og_type":"article","og_title":"March 2019 Spotlight Business","og_description":"Kansas supports and promotes women and minority-owned businesses. Every month, Kansas Commerce highlights a small, minority and women-owned business in Kansas.","og_url":"https:\/\/www.kansascommerce.gov\/es\/2019\/03\/seg-media-collective-march-2019\/","og_site_name":"Kansas Department of Commerce","article_publisher":"https:\/\/www.facebook.com\/KansasCommerce\/","article_published_time":"2019-03-07T21:45:29+00:00","article_modified_time":"2024-12-02T20:05:49+00:00","og_image":[{"width":1200,"height":630,"url":"https:\/\/www.kansascommerce.gov\/wp-content\/uploads\/2020\/09\/KDC_OG-MEta.jpg","type":"image\/jpeg"}],"author":"Theo Stavropoulos","twitter_card":"summary_large_image","twitter_title":"March 2019 Spotlight Business","twitter_description":"Kansas supports and promotes women and minority-owned businesses. Every month, Kansas Commerce highlights a small, minority and women-owned business in Kansas.","twitter_creator":"@KansasCommerce","twitter_site":"@KansasCommerce","twitter_misc":{"Escrito por":"Theo Stavropoulos","Tiempo de lectura":"3 minutos"},"schema":{"@context":"https:\/\/schema.org","@graph":[{"@type":"Article","@id":"https:\/\/www.kansascommerce.gov\/2019\/03\/seg-media-collective-march-2019\/#article","isPartOf":{"@id":"https:\/\/www.kansascommerce.gov\/2019\/03\/seg-media-collective-march-2019\/"},"author":{"name":"Theo Stavropoulos","@id":"https:\/\/www.kansascommerce.gov\/#\/schema\/person\/b431e3dce31b0a58fd4b15a0e69821bb"},"headline":"SEG Media Collective March 2019","datePublished":"2019-03-07T21:45:29+00:00","dateModified":"2024-12-02T20:05:49+00:00","mainEntityOfPage":{"@id":"https:\/\/www.kansascommerce.gov\/2019\/03\/seg-media-collective-march-2019\/"},"wordCount":405,"publisher":{"@id":"https:\/\/www.kansascommerce.gov\/#organization"},"image":{"@id":"https:\/\/www.kansascommerce.gov\/2019\/03\/seg-media-collective-march-2019\/#primaryimage"},"thumbnailUrl":"https:\/\/www.kansascommerce.gov\/wp-content\/uploads\/2020\/08\/66FA0B62-7732-4EF8-856F-C3C711F7A6BC.jpg","articleSection":["Press Releases"],"inLanguage":"es"},{"@type":"WebPage","@id":"https:\/\/www.kansascommerce.gov\/2019\/03\/seg-media-collective-march-2019\/","url":"https:\/\/www.kansascommerce.gov\/2019\/03\/seg-media-collective-march-2019\/","name":"SEG Media Collective March 2019 - Kansas Department of Commerce","isPartOf":{"@id":"https:\/\/www.kansascommerce.gov\/#website"},"primaryImageOfPage":{"@id":"https:\/\/www.kansascommerce.gov\/2019\/03\/seg-media-collective-march-2019\/#primaryimage"},"image":{"@id":"https:\/\/www.kansascommerce.gov\/2019\/03\/seg-media-collective-march-2019\/#primaryimage"},"thumbnailUrl":"https:\/\/www.kansascommerce.gov\/wp-content\/uploads\/2020\/08\/66FA0B62-7732-4EF8-856F-C3C711F7A6BC.jpg","datePublished":"2019-03-07T21:45:29+00:00","dateModified":"2024-12-02T20:05:49+00:00","description":"Kansas supports and promotes women and minority-owned businesses. Every month, Kansas Commerce highlights a small, minority and women-owned business in Kansas.","breadcrumb":{"@id":"https:\/\/www.kansascommerce.gov\/2019\/03\/seg-media-collective-march-2019\/#breadcrumb"},"inLanguage":"es","potentialAction":[{"@type":"ReadAction","target":["https:\/\/www.kansascommerce.gov\/2019\/03\/seg-media-collective-march-2019\/"]}]},{"@type":"ImageObject","inLanguage":"es","@id":"https:\/\/www.kansascommerce.gov\/2019\/03\/seg-media-collective-march-2019\/#primaryimage","url":"https:\/\/www.kansascommerce.gov\/wp-content\/uploads\/2020\/08\/66FA0B62-7732-4EF8-856F-C3C711F7A6BC.jpg","contentUrl":"https:\/\/www.kansascommerce.gov\/wp-content\/uploads\/2020\/08\/66FA0B62-7732-4EF8-856F-C3C711F7A6BC.jpg","width":534,"height":534},{"@type":"BreadcrumbList","@id":"https:\/\/www.kansascommerce.gov\/2019\/03\/seg-media-collective-march-2019\/#breadcrumb","itemListElement":[{"@type":"ListItem","position":1,"name":"Home","item":"https:\/\/www.kansascommerce.gov\/"},{"@type":"ListItem","position":2,"name":"SEG Media Collective March 2019"}]},{"@type":"WebSite","@id":"https:\/\/www.kansascommerce.gov\/#website","url":"https:\/\/www.kansascommerce.gov\/","name":"Departamento de Comercio de Kansas","description":"Fomentar la prosperidad","publisher":{"@id":"https:\/\/www.kansascommerce.gov\/#organization"},"potentialAction":[{"@type":"SearchAction","target":{"@type":"EntryPoint","urlTemplate":"https:\/\/www.kansascommerce.gov\/?s={search_term_string}"},"query-input":{"@type":"PropertyValueSpecification","valueRequired":true,"valueName":"search_term_string"}}],"inLanguage":"es"},{"@type":"Organization","@id":"https:\/\/www.kansascommerce.gov\/#organization","name":"Departamento de Comercio de Kansas","url":"https:\/\/www.kansascommerce.gov\/","logo":{"@type":"ImageObject","inLanguage":"es","@id":"https:\/\/www.kansascommerce.gov\/#\/schema\/logo\/image\/","url":"https:\/\/www.kansascommerce.gov\/wp-content\/uploads\/2020\/07\/kdc_logo.png","contentUrl":"https:\/\/www.kansascommerce.gov\/wp-content\/uploads\/2020\/07\/kdc_logo.png","width":600,"height":347,"caption":"Kansas Department of Commerce"},"image":{"@id":"https:\/\/www.kansascommerce.gov\/#\/schema\/logo\/image\/"},"sameAs":["https:\/\/www.facebook.com\/KansasCommerce\/","https:\/\/x.com\/KansasCommerce","https:\/\/www.linkedin.com\/company\/kansas-department-of-commerce\/"]},{"@type":"Person","@id":"https:\/\/www.kansascommerce.gov\/#\/schema\/person\/b431e3dce31b0a58fd4b15a0e69821bb","name":"Theo Stavropoulos","image":{"@type":"ImageObject","inLanguage":"es","@id":"https:\/\/secure.gravatar.com\/avatar\/5c4a05fc2e649ca3dca4008ab861a446f4d18bbef6fc9509ab5f0b5978070c14?s=96&d=mm&r=g","url":"https:\/\/secure.gravatar.com\/avatar\/5c4a05fc2e649ca3dca4008ab861a446f4d18bbef6fc9509ab5f0b5978070c14?s=96&d=mm&r=g","contentUrl":"https:\/\/secure.gravatar.com\/avatar\/5c4a05fc2e649ca3dca4008ab861a446f4d18bbef6fc9509ab5f0b5978070c14?s=96&d=mm&r=g","caption":"Theo Stavropoulos"},"url":"https:\/\/www.kansascommerce.gov\/es\/author\/theo\/"}]}},"publishpress_future_action":{"enabled":false,"date":"2026-09-07 09:34:40","action":"change-status","newStatus":"draft","terms":[],"taxonomy":"category","extraData":[]},"publishpress_future_workflow_manual_trigger":{"enabledWorkflows":[]},"_links":{"self":[{"href":"https:\/\/www.kansascommerce.gov\/es\/wp-json\/wp\/v2\/posts\/15278","targetHints":{"allow":["GET"]}}],"collection":[{"href":"https:\/\/www.kansascommerce.gov\/es\/wp-json\/wp\/v2\/posts"}],"about":[{"href":"https:\/\/www.kansascommerce.gov\/es\/wp-json\/wp\/v2\/types\/post"}],"author":[{"embeddable":true,"href":"https:\/\/www.kansascommerce.gov\/es\/wp-json\/wp\/v2\/users\/20"}],"replies":[{"embeddable":true,"href":"https:\/\/www.kansascommerce.gov\/es\/wp-json\/wp\/v2\/comments?post=15278"}],"version-history":[{"count":0,"href":"https:\/\/www.kansascommerce.gov\/es\/wp-json\/wp\/v2\/posts\/15278\/revisions"}],"wp:featuredmedia":[{"embeddable":true,"href":"https:\/\/www.kansascommerce.gov\/es\/wp-json\/wp\/v2\/media\/22088"}],"wp:attachment":[{"href":"https:\/\/www.kansascommerce.gov\/es\/wp-json\/wp\/v2\/media?parent=15278"}],"wp:term":[{"taxonomy":"category","embeddable":true,"href":"https:\/\/www.kansascommerce.gov\/es\/wp-json\/wp\/v2\/categories?post=15278"},{"taxonomy":"post_tag","embeddable":true,"href":"https:\/\/www.kansascommerce.gov\/es\/wp-json\/wp\/v2\/tags?post=15278"}],"curies":[{"name":"wp","href":"https:\/\/api.w.org\/{rel}","templated":true}]}}