{"id":40163,"date":"2022-05-03T17:29:08","date_gmt":"2022-05-03T17:29:08","guid":{"rendered":"https:\/\/kdc1000.wpengine.com\/?p=40163"},"modified":"2024-11-26T15:33:04","modified_gmt":"2024-11-26T20:33:04","slug":"medica-dusseldorf-germany-november-14-17-2022","status":"publish","type":"post","link":"https:\/\/www.kansascommerce.gov\/es\/2022\/05\/medica-dusseldorf-germany-november-14-17-2022\/","title":{"rendered":"MEDICA | D\u00fcsseldorf, Alemania | 14-17 de noviembre de 2022"},"content":{"rendered":"<figure class=\"wp-block-image size-full\"><img fetchpriority=\"high\" decoding=\"async\" width=\"600\" height=\"511\" src=\"https:\/\/www.kansascommerce.gov\/wp-content\/uploads\/2022\/05\/image-1-3.jpg\" alt=\"\" class=\"wp-image-40164\" srcset=\"https:\/\/www.kansascommerce.gov\/wp-content\/uploads\/2022\/05\/image-1-3.jpg 600w, https:\/\/www.kansascommerce.gov\/wp-content\/uploads\/2022\/05\/image-1-3-300x256.jpg 300w\" sizes=\"(max-width: 600px) 100vw, 600px\" \/><\/figure>\n\n\n\n<h3 class=\"wp-block-heading\" id=\"h-trade-show\">Feria de muestras<\/h3>\n\n\n\n<h3 class=\"wp-block-heading\" id=\"h-reserve-your-spot-at-medica-2022-ceo-center-program\"><strong>\u00a1Reserve su plaza en el Programa CEO Center de MEDICA 2022!<\/strong><\/h3>\n\n\n\n<p class=\"wp-block-paragraph\">El Departamento de Comercio de EE.UU.\/Servicio Comercial de EE.UU. se complace en ofrecer una vez m\u00e1s nuestro programa \"Corporate Executive Office\" (CEO) Center en MEDICA 2022.  El CEO Center ofrece a su empresa una experiencia personalizada llave en mano en la mayor feria m\u00e9dica del mundo para ayudarle a alcanzar sus objetivos in situ.  El Centro CEO, situado en el Pabell\u00f3n 16 junto al Pabell\u00f3n de EE.UU., cuenta con todas las comodidades de una oficina completa en la misma planta de la feria, con un asistente\/int\u00e9rprete personal multiling\u00fce asignado a cada empresa participante.  Adem\u00e1s, dispondr\u00e1 de su propia mesa de reuniones o sala privada, as\u00ed como de una zona de recepci\u00f3n compartida, servicios de oficina (ordenador, impresora, fotocopiadora, conexi\u00f3n Wi-Fi exclusiva, etc.) y mucho m\u00e1s, todo ello con el apoyo del personal del Departamento de Comercio de EE.UU. para ayudarle a llegar a m\u00e1s mercados.  Adem\u00e1s, los participantes en el CEO Center reciben pases de expositor y entrada en el cat\u00e1logo de expositores de MEDICA como expositores de pleno derecho, promoci\u00f3n en l\u00ednea y participaci\u00f3n en nuestros programas para equipos sanitarios.  Tenga en cuenta que hay un n\u00famero limitado de plazas disponibles y es probable que el programa se agote. Para ayudar a compensar su coste, puede optar a <a href=\"https:\/\/gcc02.safelinks.protection.outlook.com\/?url=https%3A%2F%2Flnks.gd%2Fl%2FeyJhbGciOiJIUzI1NiJ9.eyJidWxsZXRpbl9saW5rX2lkIjoxMTgsInVyaSI6ImJwMjpjbGljayIsImJ1bGxldGluX2lkIjoiMjAyMjA1MDMuNTczNDM2NTEiLCJ1cmwiOiJodHRwczovL3d3dy5zYmEuZ292L2Z1bmRpbmctcHJvZ3JhbXMvZ3JhbnRzL3N0YXRlLXRyYWRlLWV4cGFuc2lvbi1wcm9ncmFtLXN0ZXAifQ.erHKcXbWMvc4jZsvv2jqDKNbnRrZyNidb5LbqpKXT_o%2Fs%2F1194417409%2Fbr%2F130736281466-l&amp;data=05%7C01%7Ckathleen.dultmeier%40ks.gov%7C400bcfbea3d742d1c26508da2d210c3a%7Cdcae8101c92d480cbc43c6761ccccc5a%7C0%7C0%7C637871917214148709%7CUnknown%7CTWFpbGZsb3d8eyJWIjoiMC4wLjAwMDAiLCJQIjoiV2luMzIiLCJBTiI6Ik1haWwiLCJXVCI6Mn0%3D%7C3000%7C%7C%7C&amp;sdata=ONQ61w2oxkdovQEdBy79BBYIUZlEXi3YqKtBCNOuHqA%3D&amp;reserved=0\">Programa estatal de expansi\u00f3n comercial<\/a> (STEP).<\/p>\n\n\n\n<ul class=\"wp-block-list\"><li><strong>Fechas:<\/strong> 14-17 de noviembre de 2022<\/li><li><strong>D\u00f3nde:<\/strong> D\u00fcsseldorf, Alemania<\/li><li><strong>Coste:<\/strong> $6,700 (mesa) \/ $7,700 (sala privada)<\/li><\/ul>\n\n\n\n<p class=\"wp-block-paragraph\">Si desea m\u00e1s informaci\u00f3n o saber si el programa es adecuado para su empresa, p\u00f3ngase en contacto con <a href=\"mailto:Michael.Grossman@trade.gov\" target=\"_blank\" rel=\"noreferrer noopener\">Michael.Grossman@trade.gov<\/a> o <a href=\"mailto:Michelle.Ouellette@trade.gov\" target=\"_blank\" rel=\"noreferrer noopener\">Michelle.Ouellette@trade.gov<\/a>.&nbsp;<\/p>","protected":false},"excerpt":{"rendered":"<p>Exposici\u00f3n Comercial \u00a1Reserve su plaza en el Programa del Centro CEO de MEDICA 2022! \u00a1El Departamento de Comercio de EE.UU.\/Servicio Comercial de EE.UU. se complace en ofrecer una vez m\u00e1s nuestro programa \"Corporate Executive Office\" (CEO) Center en MEDICA 2022!  El ... <\/p>","protected":false},"author":28,"featured_media":40164,"comment_status":"closed","ping_status":"open","sticky":false,"template":"","format":"standard","meta":{"_acf_changed":false,"_eb_attr":"","_monsterinsights_skip_tracking":false,"footnotes":"","_members_access_role":[],"_members_access_error":""},"categories":[11],"tags":[],"class_list":["post-40163","post","type-post","status-publish","format-standard","has-post-thumbnail","hentry","category-press-releases"],"acf":[],"yoast_head":"<!-- This site is optimized with the Yoast SEO plugin v28.4 - https:\/\/yoast.com\/product\/yoast-seo-wordpress\/ -->\n<title>MEDICA | D\u00fcsseldorf, Germany | November 14-17, 2022 - Kansas Department of Commerce<\/title>\n<meta name=\"robots\" content=\"index, follow, max-snippet:-1, max-image-preview:large, max-video-preview:-1\" \/>\n<link rel=\"canonical\" href=\"https:\/\/www.kansascommerce.gov\/es\/2022\/05\/medica-dusseldorf-germany-november-14-17-2022\/\" \/>\n<meta property=\"og:locale\" content=\"es_ES\" \/>\n<meta property=\"og:type\" content=\"article\" \/>\n<meta property=\"og:title\" content=\"MEDICA | D\u00fcsseldorf, Germany | November 14-17, 2022 - Kansas Department of Commerce\" \/>\n<meta property=\"og:description\" content=\"Trade Show Reserve your spot at MEDICA 2022 CEO Center Program! The U.S. Department of Commerce\/U.S. Commercial Service is pleased to once again offer our \u201cCorporate Executive Office\u201d (CEO) Center program at MEDICA 2022!&nbsp; The ...\" \/>\n<meta property=\"og:url\" content=\"https:\/\/www.kansascommerce.gov\/es\/2022\/05\/medica-dusseldorf-germany-november-14-17-2022\/\" \/>\n<meta property=\"og:site_name\" content=\"Kansas Department of Commerce\" \/>\n<meta property=\"article:publisher\" content=\"https:\/\/www.facebook.com\/KansasCommerce\/\" \/>\n<meta property=\"article:published_time\" content=\"2022-05-03T17:29:08+00:00\" \/>\n<meta property=\"article:modified_time\" content=\"2024-11-26T20:33:04+00:00\" \/>\n<meta property=\"og:image\" content=\"https:\/\/www.kansascommerce.gov\/wp-content\/uploads\/2022\/05\/image-1-3.jpg\" \/>\n\t<meta property=\"og:image:width\" content=\"600\" \/>\n\t<meta property=\"og:image:height\" content=\"511\" \/>\n\t<meta property=\"og:image:type\" content=\"image\/jpeg\" \/>\n<meta name=\"author\" content=\"Cory Keller\" \/>\n<meta name=\"twitter:card\" content=\"summary_large_image\" \/>\n<meta name=\"twitter:creator\" content=\"@KansasCommerce\" \/>\n<meta name=\"twitter:site\" content=\"@KansasCommerce\" \/>\n<meta name=\"twitter:label1\" content=\"Escrito por\" \/>\n\t<meta name=\"twitter:data1\" content=\"Cory Keller\" \/>\n\t<meta name=\"twitter:label2\" content=\"Tiempo de lectura\" \/>\n\t<meta name=\"twitter:data2\" content=\"2 minutos\" \/>\n<script type=\"application\/ld+json\" class=\"yoast-schema-graph\">{\"@context\":\"https:\\\/\\\/schema.org\",\"@graph\":[{\"@type\":\"Article\",\"@id\":\"https:\\\/\\\/www.kansascommerce.gov\\\/2022\\\/05\\\/medica-dusseldorf-germany-november-14-17-2022\\\/#article\",\"isPartOf\":{\"@id\":\"https:\\\/\\\/www.kansascommerce.gov\\\/2022\\\/05\\\/medica-dusseldorf-germany-november-14-17-2022\\\/\"},\"author\":{\"name\":\"Cory Keller\",\"@id\":\"https:\\\/\\\/www.kansascommerce.gov\\\/#\\\/schema\\\/person\\\/aabfec947a69d249f3613317cd172ff0\"},\"headline\":\"MEDICA | D\u00fcsseldorf, Germany | November 14-17, 2022\",\"datePublished\":\"2022-05-03T17:29:08+00:00\",\"dateModified\":\"2024-11-26T20:33:04+00:00\",\"mainEntityOfPage\":{\"@id\":\"https:\\\/\\\/www.kansascommerce.gov\\\/2022\\\/05\\\/medica-dusseldorf-germany-november-14-17-2022\\\/\"},\"wordCount\":248,\"publisher\":{\"@id\":\"https:\\\/\\\/www.kansascommerce.gov\\\/#organization\"},\"image\":{\"@id\":\"https:\\\/\\\/www.kansascommerce.gov\\\/2022\\\/05\\\/medica-dusseldorf-germany-november-14-17-2022\\\/#primaryimage\"},\"thumbnailUrl\":\"https:\\\/\\\/www.kansascommerce.gov\\\/wp-content\\\/uploads\\\/2022\\\/05\\\/image-1-3.jpg\",\"articleSection\":[\"Press Releases\"],\"inLanguage\":\"es\"},{\"@type\":\"WebPage\",\"@id\":\"https:\\\/\\\/www.kansascommerce.gov\\\/2022\\\/05\\\/medica-dusseldorf-germany-november-14-17-2022\\\/\",\"url\":\"https:\\\/\\\/www.kansascommerce.gov\\\/2022\\\/05\\\/medica-dusseldorf-germany-november-14-17-2022\\\/\",\"name\":\"MEDICA | D\u00fcsseldorf, Germany | November 14-17, 2022 - Kansas Department of Commerce\",\"isPartOf\":{\"@id\":\"https:\\\/\\\/www.kansascommerce.gov\\\/#website\"},\"primaryImageOfPage\":{\"@id\":\"https:\\\/\\\/www.kansascommerce.gov\\\/2022\\\/05\\\/medica-dusseldorf-germany-november-14-17-2022\\\/#primaryimage\"},\"image\":{\"@id\":\"https:\\\/\\\/www.kansascommerce.gov\\\/2022\\\/05\\\/medica-dusseldorf-germany-november-14-17-2022\\\/#primaryimage\"},\"thumbnailUrl\":\"https:\\\/\\\/www.kansascommerce.gov\\\/wp-content\\\/uploads\\\/2022\\\/05\\\/image-1-3.jpg\",\"datePublished\":\"2022-05-03T17:29:08+00:00\",\"dateModified\":\"2024-11-26T20:33:04+00:00\",\"breadcrumb\":{\"@id\":\"https:\\\/\\\/www.kansascommerce.gov\\\/2022\\\/05\\\/medica-dusseldorf-germany-november-14-17-2022\\\/#breadcrumb\"},\"inLanguage\":\"es\",\"potentialAction\":[{\"@type\":\"ReadAction\",\"target\":[\"https:\\\/\\\/www.kansascommerce.gov\\\/2022\\\/05\\\/medica-dusseldorf-germany-november-14-17-2022\\\/\"]}]},{\"@type\":\"ImageObject\",\"inLanguage\":\"es\",\"@id\":\"https:\\\/\\\/www.kansascommerce.gov\\\/2022\\\/05\\\/medica-dusseldorf-germany-november-14-17-2022\\\/#primaryimage\",\"url\":\"https:\\\/\\\/www.kansascommerce.gov\\\/wp-content\\\/uploads\\\/2022\\\/05\\\/image-1-3.jpg\",\"contentUrl\":\"https:\\\/\\\/www.kansascommerce.gov\\\/wp-content\\\/uploads\\\/2022\\\/05\\\/image-1-3.jpg\",\"width\":600,\"height\":511,\"caption\":\"Germany\"},{\"@type\":\"BreadcrumbList\",\"@id\":\"https:\\\/\\\/www.kansascommerce.gov\\\/2022\\\/05\\\/medica-dusseldorf-germany-november-14-17-2022\\\/#breadcrumb\",\"itemListElement\":[{\"@type\":\"ListItem\",\"position\":1,\"name\":\"Home\",\"item\":\"https:\\\/\\\/www.kansascommerce.gov\\\/\"},{\"@type\":\"ListItem\",\"position\":2,\"name\":\"MEDICA | D\u00fcsseldorf, Germany | November 14-17, 2022\"}]},{\"@type\":\"WebSite\",\"@id\":\"https:\\\/\\\/www.kansascommerce.gov\\\/#website\",\"url\":\"https:\\\/\\\/www.kansascommerce.gov\\\/\",\"name\":\"Kansas Department of Commerce\",\"description\":\"Empowering Prosperity\",\"publisher\":{\"@id\":\"https:\\\/\\\/www.kansascommerce.gov\\\/#organization\"},\"potentialAction\":[{\"@type\":\"SearchAction\",\"target\":{\"@type\":\"EntryPoint\",\"urlTemplate\":\"https:\\\/\\\/www.kansascommerce.gov\\\/?s={search_term_string}\"},\"query-input\":{\"@type\":\"PropertyValueSpecification\",\"valueRequired\":true,\"valueName\":\"search_term_string\"}}],\"inLanguage\":\"es\"},{\"@type\":\"Organization\",\"@id\":\"https:\\\/\\\/www.kansascommerce.gov\\\/#organization\",\"name\":\"Kansas Department of Commerce\",\"url\":\"https:\\\/\\\/www.kansascommerce.gov\\\/\",\"logo\":{\"@type\":\"ImageObject\",\"inLanguage\":\"es\",\"@id\":\"https:\\\/\\\/www.kansascommerce.gov\\\/#\\\/schema\\\/logo\\\/image\\\/\",\"url\":\"https:\\\/\\\/www.kansascommerce.gov\\\/wp-content\\\/uploads\\\/2020\\\/07\\\/kdc_logo.png\",\"contentUrl\":\"https:\\\/\\\/www.kansascommerce.gov\\\/wp-content\\\/uploads\\\/2020\\\/07\\\/kdc_logo.png\",\"width\":600,\"height\":347,\"caption\":\"Kansas Department of Commerce\"},\"image\":{\"@id\":\"https:\\\/\\\/www.kansascommerce.gov\\\/#\\\/schema\\\/logo\\\/image\\\/\"},\"sameAs\":[\"https:\\\/\\\/www.facebook.com\\\/KansasCommerce\\\/\",\"https:\\\/\\\/x.com\\\/KansasCommerce\",\"https:\\\/\\\/www.linkedin.com\\\/company\\\/kansas-department-of-commerce\\\/\"]},{\"@type\":\"Person\",\"@id\":\"https:\\\/\\\/www.kansascommerce.gov\\\/#\\\/schema\\\/person\\\/aabfec947a69d249f3613317cd172ff0\",\"name\":\"Cory Keller\",\"image\":{\"@type\":\"ImageObject\",\"inLanguage\":\"es\",\"@id\":\"https:\\\/\\\/secure.gravatar.com\\\/avatar\\\/b33ab2c0d75003b1f81e46a5e7cfb9588e3203b29a1ce04a341cd23952dcfb4e?s=96&d=mm&r=g\",\"url\":\"https:\\\/\\\/secure.gravatar.com\\\/avatar\\\/b33ab2c0d75003b1f81e46a5e7cfb9588e3203b29a1ce04a341cd23952dcfb4e?s=96&d=mm&r=g\",\"contentUrl\":\"https:\\\/\\\/secure.gravatar.com\\\/avatar\\\/b33ab2c0d75003b1f81e46a5e7cfb9588e3203b29a1ce04a341cd23952dcfb4e?s=96&d=mm&r=g\",\"caption\":\"Cory Keller\"},\"url\":\"https:\\\/\\\/www.kansascommerce.gov\\\/es\\\/author\\\/corykeller\\\/\"}]}<\/script>\n<!-- \/ Yoast SEO plugin. -->","yoast_head_json":{"title":"MEDICA | D\u00fcsseldorf, Germany | November 14-17, 2022 - Kansas Department of Commerce","robots":{"index":"index","follow":"follow","max-snippet":"max-snippet:-1","max-image-preview":"max-image-preview:large","max-video-preview":"max-video-preview:-1"},"canonical":"https:\/\/www.kansascommerce.gov\/es\/2022\/05\/medica-dusseldorf-germany-november-14-17-2022\/","og_locale":"es_ES","og_type":"article","og_title":"MEDICA | D\u00fcsseldorf, Germany | November 14-17, 2022 - Kansas Department of Commerce","og_description":"Trade Show Reserve your spot at MEDICA 2022 CEO Center Program! The U.S. Department of Commerce\/U.S. Commercial Service is pleased to once again offer our \u201cCorporate Executive Office\u201d (CEO) Center program at MEDICA 2022!&nbsp; The ...","og_url":"https:\/\/www.kansascommerce.gov\/es\/2022\/05\/medica-dusseldorf-germany-november-14-17-2022\/","og_site_name":"Kansas Department of Commerce","article_publisher":"https:\/\/www.facebook.com\/KansasCommerce\/","article_published_time":"2022-05-03T17:29:08+00:00","article_modified_time":"2024-11-26T20:33:04+00:00","og_image":[{"width":600,"height":511,"url":"https:\/\/www.kansascommerce.gov\/wp-content\/uploads\/2022\/05\/image-1-3.jpg","type":"image\/jpeg"}],"author":"Cory Keller","twitter_card":"summary_large_image","twitter_creator":"@KansasCommerce","twitter_site":"@KansasCommerce","twitter_misc":{"Escrito por":"Cory Keller","Tiempo de lectura":"2 minutos"},"schema":{"@context":"https:\/\/schema.org","@graph":[{"@type":"Article","@id":"https:\/\/www.kansascommerce.gov\/2022\/05\/medica-dusseldorf-germany-november-14-17-2022\/#article","isPartOf":{"@id":"https:\/\/www.kansascommerce.gov\/2022\/05\/medica-dusseldorf-germany-november-14-17-2022\/"},"author":{"name":"Cory Keller","@id":"https:\/\/www.kansascommerce.gov\/#\/schema\/person\/aabfec947a69d249f3613317cd172ff0"},"headline":"MEDICA | D\u00fcsseldorf, Germany | November 14-17, 2022","datePublished":"2022-05-03T17:29:08+00:00","dateModified":"2024-11-26T20:33:04+00:00","mainEntityOfPage":{"@id":"https:\/\/www.kansascommerce.gov\/2022\/05\/medica-dusseldorf-germany-november-14-17-2022\/"},"wordCount":248,"publisher":{"@id":"https:\/\/www.kansascommerce.gov\/#organization"},"image":{"@id":"https:\/\/www.kansascommerce.gov\/2022\/05\/medica-dusseldorf-germany-november-14-17-2022\/#primaryimage"},"thumbnailUrl":"https:\/\/www.kansascommerce.gov\/wp-content\/uploads\/2022\/05\/image-1-3.jpg","articleSection":["Press Releases"],"inLanguage":"es"},{"@type":"WebPage","@id":"https:\/\/www.kansascommerce.gov\/2022\/05\/medica-dusseldorf-germany-november-14-17-2022\/","url":"https:\/\/www.kansascommerce.gov\/2022\/05\/medica-dusseldorf-germany-november-14-17-2022\/","name":"MEDICA | D\u00fcsseldorf, Germany | November 14-17, 2022 - Kansas Department of Commerce","isPartOf":{"@id":"https:\/\/www.kansascommerce.gov\/#website"},"primaryImageOfPage":{"@id":"https:\/\/www.kansascommerce.gov\/2022\/05\/medica-dusseldorf-germany-november-14-17-2022\/#primaryimage"},"image":{"@id":"https:\/\/www.kansascommerce.gov\/2022\/05\/medica-dusseldorf-germany-november-14-17-2022\/#primaryimage"},"thumbnailUrl":"https:\/\/www.kansascommerce.gov\/wp-content\/uploads\/2022\/05\/image-1-3.jpg","datePublished":"2022-05-03T17:29:08+00:00","dateModified":"2024-11-26T20:33:04+00:00","breadcrumb":{"@id":"https:\/\/www.kansascommerce.gov\/2022\/05\/medica-dusseldorf-germany-november-14-17-2022\/#breadcrumb"},"inLanguage":"es","potentialAction":[{"@type":"ReadAction","target":["https:\/\/www.kansascommerce.gov\/2022\/05\/medica-dusseldorf-germany-november-14-17-2022\/"]}]},{"@type":"ImageObject","inLanguage":"es","@id":"https:\/\/www.kansascommerce.gov\/2022\/05\/medica-dusseldorf-germany-november-14-17-2022\/#primaryimage","url":"https:\/\/www.kansascommerce.gov\/wp-content\/uploads\/2022\/05\/image-1-3.jpg","contentUrl":"https:\/\/www.kansascommerce.gov\/wp-content\/uploads\/2022\/05\/image-1-3.jpg","width":600,"height":511,"caption":"Germany"},{"@type":"BreadcrumbList","@id":"https:\/\/www.kansascommerce.gov\/2022\/05\/medica-dusseldorf-germany-november-14-17-2022\/#breadcrumb","itemListElement":[{"@type":"ListItem","position":1,"name":"Home","item":"https:\/\/www.kansascommerce.gov\/"},{"@type":"ListItem","position":2,"name":"MEDICA | D\u00fcsseldorf, Germany | November 14-17, 2022"}]},{"@type":"WebSite","@id":"https:\/\/www.kansascommerce.gov\/#website","url":"https:\/\/www.kansascommerce.gov\/","name":"Departamento de Comercio de Kansas","description":"Fomentar la prosperidad","publisher":{"@id":"https:\/\/www.kansascommerce.gov\/#organization"},"potentialAction":[{"@type":"SearchAction","target":{"@type":"EntryPoint","urlTemplate":"https:\/\/www.kansascommerce.gov\/?s={search_term_string}"},"query-input":{"@type":"PropertyValueSpecification","valueRequired":true,"valueName":"search_term_string"}}],"inLanguage":"es"},{"@type":"Organization","@id":"https:\/\/www.kansascommerce.gov\/#organization","name":"Departamento de Comercio de Kansas","url":"https:\/\/www.kansascommerce.gov\/","logo":{"@type":"ImageObject","inLanguage":"es","@id":"https:\/\/www.kansascommerce.gov\/#\/schema\/logo\/image\/","url":"https:\/\/www.kansascommerce.gov\/wp-content\/uploads\/2020\/07\/kdc_logo.png","contentUrl":"https:\/\/www.kansascommerce.gov\/wp-content\/uploads\/2020\/07\/kdc_logo.png","width":600,"height":347,"caption":"Kansas Department of Commerce"},"image":{"@id":"https:\/\/www.kansascommerce.gov\/#\/schema\/logo\/image\/"},"sameAs":["https:\/\/www.facebook.com\/KansasCommerce\/","https:\/\/x.com\/KansasCommerce","https:\/\/www.linkedin.com\/company\/kansas-department-of-commerce\/"]},{"@type":"Person","@id":"https:\/\/www.kansascommerce.gov\/#\/schema\/person\/aabfec947a69d249f3613317cd172ff0","name":"Cory Keller","image":{"@type":"ImageObject","inLanguage":"es","@id":"https:\/\/secure.gravatar.com\/avatar\/b33ab2c0d75003b1f81e46a5e7cfb9588e3203b29a1ce04a341cd23952dcfb4e?s=96&d=mm&r=g","url":"https:\/\/secure.gravatar.com\/avatar\/b33ab2c0d75003b1f81e46a5e7cfb9588e3203b29a1ce04a341cd23952dcfb4e?s=96&d=mm&r=g","contentUrl":"https:\/\/secure.gravatar.com\/avatar\/b33ab2c0d75003b1f81e46a5e7cfb9588e3203b29a1ce04a341cd23952dcfb4e?s=96&d=mm&r=g","caption":"Cory Keller"},"url":"https:\/\/www.kansascommerce.gov\/es\/author\/corykeller\/"}]}},"publishpress_future_action":{"enabled":false,"date":"2026-09-13 07:21:21","action":"change-status","newStatus":"draft","terms":[],"taxonomy":"category","extraData":[]},"publishpress_future_workflow_manual_trigger":{"enabledWorkflows":[]},"_links":{"self":[{"href":"https:\/\/www.kansascommerce.gov\/es\/wp-json\/wp\/v2\/posts\/40163","targetHints":{"allow":["GET"]}}],"collection":[{"href":"https:\/\/www.kansascommerce.gov\/es\/wp-json\/wp\/v2\/posts"}],"about":[{"href":"https:\/\/www.kansascommerce.gov\/es\/wp-json\/wp\/v2\/types\/post"}],"author":[{"embeddable":true,"href":"https:\/\/www.kansascommerce.gov\/es\/wp-json\/wp\/v2\/users\/28"}],"replies":[{"embeddable":true,"href":"https:\/\/www.kansascommerce.gov\/es\/wp-json\/wp\/v2\/comments?post=40163"}],"version-history":[{"count":0,"href":"https:\/\/www.kansascommerce.gov\/es\/wp-json\/wp\/v2\/posts\/40163\/revisions"}],"wp:featuredmedia":[{"embeddable":true,"href":"https:\/\/www.kansascommerce.gov\/es\/wp-json\/wp\/v2\/media\/40164"}],"wp:attachment":[{"href":"https:\/\/www.kansascommerce.gov\/es\/wp-json\/wp\/v2\/media?parent=40163"}],"wp:term":[{"taxonomy":"category","embeddable":true,"href":"https:\/\/www.kansascommerce.gov\/es\/wp-json\/wp\/v2\/categories?post=40163"},{"taxonomy":"post_tag","embeddable":true,"href":"https:\/\/www.kansascommerce.gov\/es\/wp-json\/wp\/v2\/tags?post=40163"}],"curies":[{"name":"wp","href":"https:\/\/api.w.org\/{rel}","templated":true}]}}