{"id":50889,"date":"2022-12-20T22:13:02","date_gmt":"2022-12-20T22:13:02","guid":{"rendered":"https:\/\/www.kansascommerce.gov\/?p=50889"},"modified":"2023-03-06T20:15:48","modified_gmt":"2023-03-06T20:15:48","slug":"governor-kelly-announces-kansas-tops-15b-in-private-sector-investments-since-2019","status":"publish","type":"post","link":"https:\/\/www.kansascommerce.gov\/es\/2022\/12\/governor-kelly-announces-kansas-tops-15b-in-private-sector-investments-since-2019\/","title":{"rendered":"El gobernador Kelly anuncia que Kansas supera los $15B en inversiones del sector privado desde 2019"},"content":{"rendered":"<div class=\"wp-block-image\">\n<figure class=\"aligncenter size-large\"><img fetchpriority=\"high\" decoding=\"async\" width=\"1024\" height=\"535\" src=\"https:\/\/www.kansascommerce.gov\/wp-content\/uploads\/2022\/12\/MicrosoftTeams-image-233-1024x535.jpg\" alt=\"\" class=\"wp-image-50894\" srcset=\"https:\/\/www.kansascommerce.gov\/wp-content\/uploads\/2022\/12\/MicrosoftTeams-image-233-1024x535.jpg 1024w, https:\/\/www.kansascommerce.gov\/wp-content\/uploads\/2022\/12\/MicrosoftTeams-image-233-300x157.jpg 300w, https:\/\/www.kansascommerce.gov\/wp-content\/uploads\/2022\/12\/MicrosoftTeams-image-233-768x402.jpg 768w, https:\/\/www.kansascommerce.gov\/wp-content\/uploads\/2022\/12\/MicrosoftTeams-image-233.jpg 1419w\" sizes=\"(max-width: 1024px) 100vw, 1024px\" \/><\/figure>\n<\/div>\n\n\n<p class=\"wp-block-paragraph\"><strong>TOPEKA<\/strong> - La gobernadora Laura Kelly anunci\u00f3 hoy que desde que su administraci\u00f3n asumi\u00f3 el cargo en 2019, Kansas ha atra\u00eddo m\u00e1s de $15 mil millones en inversiones del sector privado. Este importante hito de desarrollo econ\u00f3mico se ha traducido en m\u00e1s de 53.000 puestos de trabajo creados o conservados.\u00a0<\/p>\n\n\n\n<p class=\"wp-block-paragraph\">\"Mi administraci\u00f3n ha hecho de Kansas un estado donde las empresas tienen el apoyo y la estabilidad que necesitan para crecer, contratar y tener \u00e9xito\". <strong>declar\u00f3 la Gobernadora Laura Kelly.<\/strong> \"Estos esfuerzos han dado lugar a empresas que crean puestos de trabajo en todo el estado y a corporaciones de todos los tama\u00f1os de todo el mundo que eligen formar parte de nuestro hist\u00f3rico \u00e9xito de desarrollo econ\u00f3mico\".&nbsp;<\/p>\n\n\n\n<p class=\"wp-block-paragraph\">Casi la mitad de la inversi\u00f3n total de capital comprometida se ha producido este a\u00f1o, y a\u00fan quedan dos semanas m\u00e1s de diciembre. En 2022 se han generado casi $7.500 millones, el doble de la cifra r\u00e9cord del a\u00f1o pasado. La planta de fabricaci\u00f3n de bater\u00edas para veh\u00edculos el\u00e9ctricos de Panasonic en De Soto, anunciada en julio, supuso $4.000 millones. Su impacto en la econom\u00eda del estado ser\u00e1 a\u00fan m\u00e1s significativo una vez que sus proveedores finalicen la ubicaci\u00f3n de sus instalaciones en Kansas.&nbsp;<\/p>\n\n\n\n<p class=\"wp-block-paragraph\">\"La Administraci\u00f3n Kelly sigue cumpliendo la promesa de traer prosperidad al estado\". <strong>ha declarado el Vicegobernador y Secretario de Comercio, David Toland.<\/strong> \"El Estado persigue -y consigue- el tipo de empresas e industrias que generar\u00e1n puestos de trabajo sostenibles y de alta calidad para las generaciones venideras\".&nbsp;<\/p>\n\n\n\n<p class=\"wp-block-paragraph\">El Departamento de Comercio ha registrado 817 \u00e9xitos de desarrollo econ\u00f3mico desde enero de 2019. Estos proyectos han aterrizado en 83 de los 105 condados de Kansas.<\/p>","protected":false},"excerpt":{"rendered":"<p>TOPEKA - La gobernadora Laura Kelly anunci\u00f3 hoy que desde que su administraci\u00f3n asumi\u00f3 el cargo en 2019, Kansas ha atra\u00eddo m\u00e1s de $15 mil millones en inversiones del sector privado. Este importante hito de desarrollo econ\u00f3mico ha dado lugar a m\u00e1s de... <\/p>","protected":false},"author":20,"featured_media":50894,"comment_status":"closed","ping_status":"open","sticky":false,"template":"","format":"standard","meta":{"_acf_changed":false,"_eb_attr":"","_monsterinsights_skip_tracking":false,"footnotes":"","_members_access_role":[],"_members_access_error":""},"categories":[11],"tags":[],"class_list":["post-50889","post","type-post","status-publish","format-standard","has-post-thumbnail","hentry","category-press-releases"],"acf":[],"yoast_head":"<!-- This site is optimized with the Yoast SEO plugin v28.3 - https:\/\/yoast.com\/product\/yoast-seo-wordpress\/ -->\n<title>Governor Kelly Announces Kansas Tops $15B in Private Sector Investments Since 2019 - Kansas Department of Commerce<\/title>\n<meta name=\"robots\" content=\"index, follow, max-snippet:-1, max-image-preview:large, max-video-preview:-1\" \/>\n<link rel=\"canonical\" href=\"https:\/\/www.kansascommerce.gov\/es\/2022\/12\/governor-kelly-announces-kansas-tops-15b-in-private-sector-investments-since-2019\/\" \/>\n<meta property=\"og:locale\" content=\"es_ES\" \/>\n<meta property=\"og:type\" content=\"article\" \/>\n<meta property=\"og:title\" content=\"Governor Kelly Announces Kansas Tops $15B in Private Sector Investments Since 2019 - Kansas Department of Commerce\" \/>\n<meta property=\"og:description\" content=\"TOPEKA \u2013\u00a0Governor Laura Kelly announced today that since her administration took office in 2019, Kansas has attracted more than $15 billion in private sector investment. This significant economic development milestone has resulted in more than ...\" \/>\n<meta property=\"og:url\" content=\"https:\/\/www.kansascommerce.gov\/es\/2022\/12\/governor-kelly-announces-kansas-tops-15b-in-private-sector-investments-since-2019\/\" \/>\n<meta property=\"og:site_name\" content=\"Kansas Department of Commerce\" \/>\n<meta property=\"article:publisher\" content=\"https:\/\/www.facebook.com\/KansasCommerce\/\" \/>\n<meta property=\"article:published_time\" content=\"2022-12-20T22:13:02+00:00\" \/>\n<meta property=\"article:modified_time\" content=\"2023-03-06T20:15:48+00:00\" \/>\n<meta property=\"og:image\" content=\"https:\/\/www.kansascommerce.gov\/wp-content\/uploads\/2022\/12\/MicrosoftTeams-image-233.jpg\" \/>\n\t<meta property=\"og:image:width\" content=\"1419\" \/>\n\t<meta property=\"og:image:height\" content=\"742\" \/>\n\t<meta property=\"og:image:type\" content=\"image\/jpeg\" \/>\n<meta name=\"author\" content=\"Theo Stavropoulos\" \/>\n<meta name=\"twitter:card\" content=\"summary_large_image\" \/>\n<meta name=\"twitter:creator\" content=\"@KansasCommerce\" \/>\n<meta name=\"twitter:site\" content=\"@KansasCommerce\" \/>\n<meta name=\"twitter:label1\" content=\"Escrito por\" \/>\n\t<meta name=\"twitter:data1\" content=\"Theo Stavropoulos\" \/>\n\t<meta name=\"twitter:label2\" content=\"Tiempo de lectura\" \/>\n\t<meta name=\"twitter:data2\" content=\"1 minuto\" \/>\n<script type=\"application\/ld+json\" class=\"yoast-schema-graph\">{\"@context\":\"https:\\\/\\\/schema.org\",\"@graph\":[{\"@type\":\"Article\",\"@id\":\"https:\\\/\\\/www.kansascommerce.gov\\\/2022\\\/12\\\/governor-kelly-announces-kansas-tops-15b-in-private-sector-investments-since-2019\\\/#article\",\"isPartOf\":{\"@id\":\"https:\\\/\\\/www.kansascommerce.gov\\\/2022\\\/12\\\/governor-kelly-announces-kansas-tops-15b-in-private-sector-investments-since-2019\\\/\"},\"author\":{\"name\":\"Theo Stavropoulos\",\"@id\":\"https:\\\/\\\/www.kansascommerce.gov\\\/#\\\/schema\\\/person\\\/b431e3dce31b0a58fd4b15a0e69821bb\"},\"headline\":\"Governor Kelly Announces Kansas Tops $15B in Private Sector Investments Since 2019\",\"datePublished\":\"2022-12-20T22:13:02+00:00\",\"dateModified\":\"2023-03-06T20:15:48+00:00\",\"mainEntityOfPage\":{\"@id\":\"https:\\\/\\\/www.kansascommerce.gov\\\/2022\\\/12\\\/governor-kelly-announces-kansas-tops-15b-in-private-sector-investments-since-2019\\\/\"},\"wordCount\":242,\"publisher\":{\"@id\":\"https:\\\/\\\/www.kansascommerce.gov\\\/#organization\"},\"image\":{\"@id\":\"https:\\\/\\\/www.kansascommerce.gov\\\/2022\\\/12\\\/governor-kelly-announces-kansas-tops-15b-in-private-sector-investments-since-2019\\\/#primaryimage\"},\"thumbnailUrl\":\"https:\\\/\\\/www.kansascommerce.gov\\\/wp-content\\\/uploads\\\/2022\\\/12\\\/MicrosoftTeams-image-233.jpg\",\"articleSection\":[\"Press Releases\"],\"inLanguage\":\"es\"},{\"@type\":\"WebPage\",\"@id\":\"https:\\\/\\\/www.kansascommerce.gov\\\/2022\\\/12\\\/governor-kelly-announces-kansas-tops-15b-in-private-sector-investments-since-2019\\\/\",\"url\":\"https:\\\/\\\/www.kansascommerce.gov\\\/2022\\\/12\\\/governor-kelly-announces-kansas-tops-15b-in-private-sector-investments-since-2019\\\/\",\"name\":\"Governor Kelly Announces Kansas Tops $15B in Private Sector Investments Since 2019 - Kansas Department of Commerce\",\"isPartOf\":{\"@id\":\"https:\\\/\\\/www.kansascommerce.gov\\\/#website\"},\"primaryImageOfPage\":{\"@id\":\"https:\\\/\\\/www.kansascommerce.gov\\\/2022\\\/12\\\/governor-kelly-announces-kansas-tops-15b-in-private-sector-investments-since-2019\\\/#primaryimage\"},\"image\":{\"@id\":\"https:\\\/\\\/www.kansascommerce.gov\\\/2022\\\/12\\\/governor-kelly-announces-kansas-tops-15b-in-private-sector-investments-since-2019\\\/#primaryimage\"},\"thumbnailUrl\":\"https:\\\/\\\/www.kansascommerce.gov\\\/wp-content\\\/uploads\\\/2022\\\/12\\\/MicrosoftTeams-image-233.jpg\",\"datePublished\":\"2022-12-20T22:13:02+00:00\",\"dateModified\":\"2023-03-06T20:15:48+00:00\",\"breadcrumb\":{\"@id\":\"https:\\\/\\\/www.kansascommerce.gov\\\/2022\\\/12\\\/governor-kelly-announces-kansas-tops-15b-in-private-sector-investments-since-2019\\\/#breadcrumb\"},\"inLanguage\":\"es\",\"potentialAction\":[{\"@type\":\"ReadAction\",\"target\":[\"https:\\\/\\\/www.kansascommerce.gov\\\/2022\\\/12\\\/governor-kelly-announces-kansas-tops-15b-in-private-sector-investments-since-2019\\\/\"]}]},{\"@type\":\"ImageObject\",\"inLanguage\":\"es\",\"@id\":\"https:\\\/\\\/www.kansascommerce.gov\\\/2022\\\/12\\\/governor-kelly-announces-kansas-tops-15b-in-private-sector-investments-since-2019\\\/#primaryimage\",\"url\":\"https:\\\/\\\/www.kansascommerce.gov\\\/wp-content\\\/uploads\\\/2022\\\/12\\\/MicrosoftTeams-image-233.jpg\",\"contentUrl\":\"https:\\\/\\\/www.kansascommerce.gov\\\/wp-content\\\/uploads\\\/2022\\\/12\\\/MicrosoftTeams-image-233.jpg\",\"width\":1419,\"height\":742},{\"@type\":\"BreadcrumbList\",\"@id\":\"https:\\\/\\\/www.kansascommerce.gov\\\/2022\\\/12\\\/governor-kelly-announces-kansas-tops-15b-in-private-sector-investments-since-2019\\\/#breadcrumb\",\"itemListElement\":[{\"@type\":\"ListItem\",\"position\":1,\"name\":\"Home\",\"item\":\"https:\\\/\\\/www.kansascommerce.gov\\\/\"},{\"@type\":\"ListItem\",\"position\":2,\"name\":\"Governor Kelly Announces Kansas Tops $15B in Private Sector Investments Since 2019\"}]},{\"@type\":\"WebSite\",\"@id\":\"https:\\\/\\\/www.kansascommerce.gov\\\/#website\",\"url\":\"https:\\\/\\\/www.kansascommerce.gov\\\/\",\"name\":\"Kansas Department of Commerce\",\"description\":\"Empowering Prosperity\",\"publisher\":{\"@id\":\"https:\\\/\\\/www.kansascommerce.gov\\\/#organization\"},\"potentialAction\":[{\"@type\":\"SearchAction\",\"target\":{\"@type\":\"EntryPoint\",\"urlTemplate\":\"https:\\\/\\\/www.kansascommerce.gov\\\/?s={search_term_string}\"},\"query-input\":{\"@type\":\"PropertyValueSpecification\",\"valueRequired\":true,\"valueName\":\"search_term_string\"}}],\"inLanguage\":\"es\"},{\"@type\":\"Organization\",\"@id\":\"https:\\\/\\\/www.kansascommerce.gov\\\/#organization\",\"name\":\"Kansas Department of Commerce\",\"url\":\"https:\\\/\\\/www.kansascommerce.gov\\\/\",\"logo\":{\"@type\":\"ImageObject\",\"inLanguage\":\"es\",\"@id\":\"https:\\\/\\\/www.kansascommerce.gov\\\/#\\\/schema\\\/logo\\\/image\\\/\",\"url\":\"https:\\\/\\\/www.kansascommerce.gov\\\/wp-content\\\/uploads\\\/2020\\\/07\\\/kdc_logo.png\",\"contentUrl\":\"https:\\\/\\\/www.kansascommerce.gov\\\/wp-content\\\/uploads\\\/2020\\\/07\\\/kdc_logo.png\",\"width\":600,\"height\":347,\"caption\":\"Kansas Department of Commerce\"},\"image\":{\"@id\":\"https:\\\/\\\/www.kansascommerce.gov\\\/#\\\/schema\\\/logo\\\/image\\\/\"},\"sameAs\":[\"https:\\\/\\\/www.facebook.com\\\/KansasCommerce\\\/\",\"https:\\\/\\\/x.com\\\/KansasCommerce\",\"https:\\\/\\\/www.linkedin.com\\\/company\\\/kansas-department-of-commerce\\\/\"]},{\"@type\":\"Person\",\"@id\":\"https:\\\/\\\/www.kansascommerce.gov\\\/#\\\/schema\\\/person\\\/b431e3dce31b0a58fd4b15a0e69821bb\",\"name\":\"Theo Stavropoulos\",\"image\":{\"@type\":\"ImageObject\",\"inLanguage\":\"es\",\"@id\":\"https:\\\/\\\/secure.gravatar.com\\\/avatar\\\/5c4a05fc2e649ca3dca4008ab861a446f4d18bbef6fc9509ab5f0b5978070c14?s=96&d=mm&r=g\",\"url\":\"https:\\\/\\\/secure.gravatar.com\\\/avatar\\\/5c4a05fc2e649ca3dca4008ab861a446f4d18bbef6fc9509ab5f0b5978070c14?s=96&d=mm&r=g\",\"contentUrl\":\"https:\\\/\\\/secure.gravatar.com\\\/avatar\\\/5c4a05fc2e649ca3dca4008ab861a446f4d18bbef6fc9509ab5f0b5978070c14?s=96&d=mm&r=g\",\"caption\":\"Theo Stavropoulos\"},\"url\":\"https:\\\/\\\/www.kansascommerce.gov\\\/es\\\/author\\\/theo\\\/\"}]}<\/script>\n<!-- \/ Yoast SEO plugin. -->","yoast_head_json":{"title":"Governor Kelly Announces Kansas Tops $15B in Private Sector Investments Since 2019 - Kansas Department of Commerce","robots":{"index":"index","follow":"follow","max-snippet":"max-snippet:-1","max-image-preview":"max-image-preview:large","max-video-preview":"max-video-preview:-1"},"canonical":"https:\/\/www.kansascommerce.gov\/es\/2022\/12\/governor-kelly-announces-kansas-tops-15b-in-private-sector-investments-since-2019\/","og_locale":"es_ES","og_type":"article","og_title":"Governor Kelly Announces Kansas Tops $15B in Private Sector Investments Since 2019 - Kansas Department of Commerce","og_description":"TOPEKA \u2013\u00a0Governor Laura Kelly announced today that since her administration took office in 2019, Kansas has attracted more than $15 billion in private sector investment. This significant economic development milestone has resulted in more than ...","og_url":"https:\/\/www.kansascommerce.gov\/es\/2022\/12\/governor-kelly-announces-kansas-tops-15b-in-private-sector-investments-since-2019\/","og_site_name":"Kansas Department of Commerce","article_publisher":"https:\/\/www.facebook.com\/KansasCommerce\/","article_published_time":"2022-12-20T22:13:02+00:00","article_modified_time":"2023-03-06T20:15:48+00:00","og_image":[{"width":1419,"height":742,"url":"https:\/\/www.kansascommerce.gov\/wp-content\/uploads\/2022\/12\/MicrosoftTeams-image-233.jpg","type":"image\/jpeg"}],"author":"Theo Stavropoulos","twitter_card":"summary_large_image","twitter_creator":"@KansasCommerce","twitter_site":"@KansasCommerce","twitter_misc":{"Escrito por":"Theo Stavropoulos","Tiempo de lectura":"1 minuto"},"schema":{"@context":"https:\/\/schema.org","@graph":[{"@type":"Article","@id":"https:\/\/www.kansascommerce.gov\/2022\/12\/governor-kelly-announces-kansas-tops-15b-in-private-sector-investments-since-2019\/#article","isPartOf":{"@id":"https:\/\/www.kansascommerce.gov\/2022\/12\/governor-kelly-announces-kansas-tops-15b-in-private-sector-investments-since-2019\/"},"author":{"name":"Theo Stavropoulos","@id":"https:\/\/www.kansascommerce.gov\/#\/schema\/person\/b431e3dce31b0a58fd4b15a0e69821bb"},"headline":"Governor Kelly Announces Kansas Tops $15B in Private Sector Investments Since 2019","datePublished":"2022-12-20T22:13:02+00:00","dateModified":"2023-03-06T20:15:48+00:00","mainEntityOfPage":{"@id":"https:\/\/www.kansascommerce.gov\/2022\/12\/governor-kelly-announces-kansas-tops-15b-in-private-sector-investments-since-2019\/"},"wordCount":242,"publisher":{"@id":"https:\/\/www.kansascommerce.gov\/#organization"},"image":{"@id":"https:\/\/www.kansascommerce.gov\/2022\/12\/governor-kelly-announces-kansas-tops-15b-in-private-sector-investments-since-2019\/#primaryimage"},"thumbnailUrl":"https:\/\/www.kansascommerce.gov\/wp-content\/uploads\/2022\/12\/MicrosoftTeams-image-233.jpg","articleSection":["Press Releases"],"inLanguage":"es"},{"@type":"WebPage","@id":"https:\/\/www.kansascommerce.gov\/2022\/12\/governor-kelly-announces-kansas-tops-15b-in-private-sector-investments-since-2019\/","url":"https:\/\/www.kansascommerce.gov\/2022\/12\/governor-kelly-announces-kansas-tops-15b-in-private-sector-investments-since-2019\/","name":"Governor Kelly Announces Kansas Tops $15B in Private Sector Investments Since 2019 - Kansas Department of Commerce","isPartOf":{"@id":"https:\/\/www.kansascommerce.gov\/#website"},"primaryImageOfPage":{"@id":"https:\/\/www.kansascommerce.gov\/2022\/12\/governor-kelly-announces-kansas-tops-15b-in-private-sector-investments-since-2019\/#primaryimage"},"image":{"@id":"https:\/\/www.kansascommerce.gov\/2022\/12\/governor-kelly-announces-kansas-tops-15b-in-private-sector-investments-since-2019\/#primaryimage"},"thumbnailUrl":"https:\/\/www.kansascommerce.gov\/wp-content\/uploads\/2022\/12\/MicrosoftTeams-image-233.jpg","datePublished":"2022-12-20T22:13:02+00:00","dateModified":"2023-03-06T20:15:48+00:00","breadcrumb":{"@id":"https:\/\/www.kansascommerce.gov\/2022\/12\/governor-kelly-announces-kansas-tops-15b-in-private-sector-investments-since-2019\/#breadcrumb"},"inLanguage":"es","potentialAction":[{"@type":"ReadAction","target":["https:\/\/www.kansascommerce.gov\/2022\/12\/governor-kelly-announces-kansas-tops-15b-in-private-sector-investments-since-2019\/"]}]},{"@type":"ImageObject","inLanguage":"es","@id":"https:\/\/www.kansascommerce.gov\/2022\/12\/governor-kelly-announces-kansas-tops-15b-in-private-sector-investments-since-2019\/#primaryimage","url":"https:\/\/www.kansascommerce.gov\/wp-content\/uploads\/2022\/12\/MicrosoftTeams-image-233.jpg","contentUrl":"https:\/\/www.kansascommerce.gov\/wp-content\/uploads\/2022\/12\/MicrosoftTeams-image-233.jpg","width":1419,"height":742},{"@type":"BreadcrumbList","@id":"https:\/\/www.kansascommerce.gov\/2022\/12\/governor-kelly-announces-kansas-tops-15b-in-private-sector-investments-since-2019\/#breadcrumb","itemListElement":[{"@type":"ListItem","position":1,"name":"Home","item":"https:\/\/www.kansascommerce.gov\/"},{"@type":"ListItem","position":2,"name":"Governor Kelly Announces Kansas Tops $15B in Private Sector Investments Since 2019"}]},{"@type":"WebSite","@id":"https:\/\/www.kansascommerce.gov\/#website","url":"https:\/\/www.kansascommerce.gov\/","name":"Departamento de Comercio de Kansas","description":"Fomentar la prosperidad","publisher":{"@id":"https:\/\/www.kansascommerce.gov\/#organization"},"potentialAction":[{"@type":"SearchAction","target":{"@type":"EntryPoint","urlTemplate":"https:\/\/www.kansascommerce.gov\/?s={search_term_string}"},"query-input":{"@type":"PropertyValueSpecification","valueRequired":true,"valueName":"search_term_string"}}],"inLanguage":"es"},{"@type":"Organization","@id":"https:\/\/www.kansascommerce.gov\/#organization","name":"Departamento de Comercio de Kansas","url":"https:\/\/www.kansascommerce.gov\/","logo":{"@type":"ImageObject","inLanguage":"es","@id":"https:\/\/www.kansascommerce.gov\/#\/schema\/logo\/image\/","url":"https:\/\/www.kansascommerce.gov\/wp-content\/uploads\/2020\/07\/kdc_logo.png","contentUrl":"https:\/\/www.kansascommerce.gov\/wp-content\/uploads\/2020\/07\/kdc_logo.png","width":600,"height":347,"caption":"Kansas Department of Commerce"},"image":{"@id":"https:\/\/www.kansascommerce.gov\/#\/schema\/logo\/image\/"},"sameAs":["https:\/\/www.facebook.com\/KansasCommerce\/","https:\/\/x.com\/KansasCommerce","https:\/\/www.linkedin.com\/company\/kansas-department-of-commerce\/"]},{"@type":"Person","@id":"https:\/\/www.kansascommerce.gov\/#\/schema\/person\/b431e3dce31b0a58fd4b15a0e69821bb","name":"Theo Stavropoulos","image":{"@type":"ImageObject","inLanguage":"es","@id":"https:\/\/secure.gravatar.com\/avatar\/5c4a05fc2e649ca3dca4008ab861a446f4d18bbef6fc9509ab5f0b5978070c14?s=96&d=mm&r=g","url":"https:\/\/secure.gravatar.com\/avatar\/5c4a05fc2e649ca3dca4008ab861a446f4d18bbef6fc9509ab5f0b5978070c14?s=96&d=mm&r=g","contentUrl":"https:\/\/secure.gravatar.com\/avatar\/5c4a05fc2e649ca3dca4008ab861a446f4d18bbef6fc9509ab5f0b5978070c14?s=96&d=mm&r=g","caption":"Theo Stavropoulos"},"url":"https:\/\/www.kansascommerce.gov\/es\/author\/theo\/"}]}},"publishpress_future_action":{"enabled":false,"date":"2026-09-08 05:39:33","action":"change-status","newStatus":"draft","terms":[],"taxonomy":"category","extraData":[]},"publishpress_future_workflow_manual_trigger":{"enabledWorkflows":[]},"_links":{"self":[{"href":"https:\/\/www.kansascommerce.gov\/es\/wp-json\/wp\/v2\/posts\/50889","targetHints":{"allow":["GET"]}}],"collection":[{"href":"https:\/\/www.kansascommerce.gov\/es\/wp-json\/wp\/v2\/posts"}],"about":[{"href":"https:\/\/www.kansascommerce.gov\/es\/wp-json\/wp\/v2\/types\/post"}],"author":[{"embeddable":true,"href":"https:\/\/www.kansascommerce.gov\/es\/wp-json\/wp\/v2\/users\/20"}],"replies":[{"embeddable":true,"href":"https:\/\/www.kansascommerce.gov\/es\/wp-json\/wp\/v2\/comments?post=50889"}],"version-history":[{"count":0,"href":"https:\/\/www.kansascommerce.gov\/es\/wp-json\/wp\/v2\/posts\/50889\/revisions"}],"wp:featuredmedia":[{"embeddable":true,"href":"https:\/\/www.kansascommerce.gov\/es\/wp-json\/wp\/v2\/media\/50894"}],"wp:attachment":[{"href":"https:\/\/www.kansascommerce.gov\/es\/wp-json\/wp\/v2\/media?parent=50889"}],"wp:term":[{"taxonomy":"category","embeddable":true,"href":"https:\/\/www.kansascommerce.gov\/es\/wp-json\/wp\/v2\/categories?post=50889"},{"taxonomy":"post_tag","embeddable":true,"href":"https:\/\/www.kansascommerce.gov\/es\/wp-json\/wp\/v2\/tags?post=50889"}],"curies":[{"name":"wp","href":"https:\/\/api.w.org\/{rel}","templated":true}]}}