{"id":50921,"date":"2022-12-22T18:31:06","date_gmt":"2022-12-22T18:31:06","guid":{"rendered":"https:\/\/www.kansascommerce.gov\/?p=50921"},"modified":"2024-12-02T15:03:05","modified_gmt":"2024-12-02T20:03:05","slug":"kansas-receives-nearly-5-7m-to-expand-equitable-broadband-access","status":"publish","type":"post","link":"https:\/\/www.kansascommerce.gov\/es\/2022\/12\/kansas-receives-nearly-5-7m-to-expand-equitable-broadband-access\/","title":{"rendered":"Kansas recibe casi $5,7M para ampliar el acceso equitativo a la banda ancha"},"content":{"rendered":"<div class=\"wp-block-image\">\n<figure class=\"aligncenter size-large\"><img fetchpriority=\"high\" decoding=\"async\" width=\"1024\" height=\"535\" src=\"https:\/\/www.kansascommerce.gov\/wp-content\/uploads\/2022\/12\/MicrosoftTeams-image-234-1024x535.jpg\" alt=\"\" class=\"wp-image-50922\" srcset=\"https:\/\/www.kansascommerce.gov\/wp-content\/uploads\/2022\/12\/MicrosoftTeams-image-234-1024x535.jpg 1024w, https:\/\/www.kansascommerce.gov\/wp-content\/uploads\/2022\/12\/MicrosoftTeams-image-234-300x157.jpg 300w, https:\/\/www.kansascommerce.gov\/wp-content\/uploads\/2022\/12\/MicrosoftTeams-image-234-768x402.jpg 768w, https:\/\/www.kansascommerce.gov\/wp-content\/uploads\/2022\/12\/MicrosoftTeams-image-234.jpg 1419w\" sizes=\"(max-width: 1024px) 100vw, 1024px\" \/><\/figure>\n<\/div>\n\n\n<p class=\"wp-block-paragraph\"><strong>TOPEKA<\/strong> - La Gobernadora Laura Kelly ha anunciado hoy que Kansas ha recibido casi $5,7 millones para ampliar el acceso, la adopci\u00f3n y la asequibilidad de la banda ancha, de la Oficina de la Administraci\u00f3n Nacional de Telecomunicaciones e Informaci\u00f3n (NTIA) del Departamento de Comercio de EE.UU..<\/p>\n\n\n\n<p class=\"wp-block-paragraph\">\"Las comunidades de todo Kansas tienen un enorme potencial para un nuevo cap\u00edtulo de innovaci\u00f3n y \u00e9xito\".&nbsp;<strong>declar\u00f3 la Gobernadora Laura Kelly.<\/strong>&nbsp;\"Esta financiaci\u00f3n impulsar\u00e1 al Estado hacia adelante, acelerando nuestros esfuerzos para garantizar que todos los habitantes de Kansas puedan participar plenamente en el mundo digital\".<\/p>\n\n\n\n<p class=\"wp-block-paragraph\">Los fondos forman parte de los $65.000 millones designados en la Ley federal bipartidista de Inversi\u00f3n en Infraestructuras y Empleo aprobada en 2021, denominada \"Iniciativa Internet para Todos\".<\/p>\n\n\n\n<p class=\"wp-block-paragraph\">\"La iniciativa Internet para todos reducir\u00e1 la brecha digital en Kansas y garantizar\u00e1 que las zonas rurales tengan el servicio que necesitan para acceder a la telesalud, la educaci\u00f3n y el empleo\". <strong>dijo la Secretaria de Comercio, Gina Raimondo.<\/strong>\u00a0\"Agradezco el compromiso del gobernador Kelly de conectar todos los hogares y empresas de Kansas a un servicio de Internet de alta velocidad asequible y fiable\".<\/p>\n\n\n\n<p class=\"wp-block-paragraph\">\"Los habitantes de Kansas utilizan Internet para trabajar, aprender, mantenerse en contacto con la familia, desarrollar un negocio, recibir atenci\u00f3n sanitaria y mucho m\u00e1s. Aunque el acceso a Internet de alta velocidad es una puerta de acceso a las oportunidades, esas oportunidades no se distribuyen por igual en nuestro estado\".<strong> dijo<\/strong> <strong>Diputada Sharice Davids (KS-03)<\/strong>. \"Estoy orgulloso de haber votado a favor de esta nueva financiaci\u00f3n federal de la ley bipartidista de infraestructuras que ayudar\u00e1 a todos los habitantes de Kansas a prosperar en la era digital.\"<\/p>\n\n\n\n<p class=\"wp-block-paragraph\">La Oficina de Desarrollo de la Banda Ancha (OBD) del Departamento de Comercio de Kansas utilizar\u00e1 estos fondos de diversas maneras. Casi $5 millones se utilizar\u00e1n para desplegar el programa Banda Ancha, Equidad, Acceso y Despliegue (BEAD) que forma parte de la Iniciativa Internet para Todos. Los $692.000 restantes se utilizar\u00e1n para desplegar la primera fase de la Ley de Equidad Digital de la NTIA.<\/p>\n\n\n\n<p class=\"wp-block-paragraph\">\"La equidad en la banda ancha empieza por el acceso, pero tambi\u00e9n incluye la adopci\u00f3n y la aplicaci\u00f3n\". <strong>El Vicegobernador y Secretario de Comercio, David Toland, declar\u00f3<\/strong>. \"El Estado se compromete a proporcionar capacidad y recursos para garantizar que todos tengan el acceso y las habilidades necesarias para beneficiarse de las tecnolog\u00edas digitales en sus vidas\".<\/p>\n\n\n\n<p class=\"wp-block-paragraph\">El OBD colaborar\u00e1 con las partes interesadas de todo Kansas para desarrollar un plan de acci\u00f3n quinquenal y un plan de equidad digital a nivel estatal, que proporcionar\u00e1 orientaci\u00f3n y medidas para ayudar en el despliegue de Internet de alta velocidad asequible y fiable para todos los habitantes de Kansas. Ambos planes se presentar\u00e1n a la NTIA antes de agosto de 2023.<\/p>\n\n\n\n<p class=\"wp-block-paragraph\">La oficina celebrar\u00e1 actos en 25 o 30 lugares de todo el Estado a partir de enero. Se prestar\u00e1 especial atenci\u00f3n a los grupos y comunidades m\u00e1s afectados por la desigualdad digital. Entre ellos figuran los hogares con bajos ingresos, las personas mayores, los discapacitados o con barreras ling\u00fc\u00edsticas, las minor\u00edas raciales y \u00e9tnicas, los habitantes de zonas rurales, los presos y los veteranos.<\/p>\n\n\n\n<p class=\"wp-block-paragraph\">\"Estos d\u00f3lares de planificaci\u00f3n permitir\u00e1n a nuestra oficina la oportunidad de conectar y comprometerse con todos los habitantes de Kansas\". <strong>ha declarado Jade Piros de Carvalho, Directora de la Oficina de Desarrollo de la Banda Ancha<\/strong>. \"Pondremos en marcha nuestros esfuerzos de planificaci\u00f3n en nuestra Cumbre inaugural de banda ancha de Kansas, que se celebrar\u00e1 el 19 de enero en la Universidad Estatal de Wichita.  Este evento ser\u00e1 la primera oportunidad para conectar con las comunidades de todo Kansas y pedir colaboraci\u00f3n y apoyo mientras coordinamos los esfuerzos para conectar a los habitantes de Kansas con un acceso a Internet fiable y de alta velocidad.\"<\/p>\n\n\n\n<p class=\"wp-block-paragraph\">Los 50 estados y los seis territorios de EE.UU. solicitaron subvenciones de planificaci\u00f3n del programa de Banda Ancha, Equidad, Acceso y Despliegue (BEAD) y del programa de la Ley de Equidad Digital. La concesi\u00f3n de subvenciones a las 56 entidades elegibles se anunciar\u00e1 de forma continua. <\/p>\n\n\n\n<p class=\"wp-block-paragraph\">Visite el sitio web de la Oficina de Desarrollo de la Banda Ancha de Kansas <a href=\"https:\/\/gcc02.safelinks.protection.outlook.com\/?url=https%3A%2F%2Flnks.gd%2Fl%2FeyJhbGciOiJIUzI1NiJ9.eyJidWxsZXRpbl9saW5rX2lkIjoxMDEsInVyaSI6ImJwMjpjbGljayIsImJ1bGxldGluX2lkIjoiMjAyMjEyMjIuNjg2ODkwMjEiLCJ1cmwiOiJodHRwczovL3d3dy5rYW5zYXNjb21tZXJjZS5nb3Yvb2ZmaWNlb2Zicm9hZGJhbmRkZXZlbG9wbWVudC8ifQ.EsJJNAhRysBWQB5uQ2GlkpvphaqXlnOMPcyZKDDsT8E%2Fs%2F1823459855%2Fbr%2F151136056576-l&amp;data=05%7C01%7CTheo.Stavropoulos%40ks.gov%7Cfab7bc778abe47e25e7e08dae444d5b0%7Cdcae8101c92d480cbc43c6761ccccc5a%7C0%7C0%7C638073281536413546%7CUnknown%7CTWFpbGZsb3d8eyJWIjoiMC4wLjAwMDAiLCJQIjoiV2luMzIiLCJBTiI6Ik1haWwiLCJXVCI6Mn0%3D%7C3000%7C%7C%7C&amp;sdata=nVg09GIuJL2VmmKw8Vomcuz1BRwzsF936Gl3EZIxAi8%3D&amp;reserved=0\">aqu\u00ed<\/a>. M\u00e1s informaci\u00f3n sobre los esfuerzos federales en <a href=\"https:\/\/gcc02.safelinks.protection.outlook.com\/?url=https%3A%2F%2Flnks.gd%2Fl%2FeyJhbGciOiJIUzI1NiJ9.eyJidWxsZXRpbl9saW5rX2lkIjoxMDIsInVyaSI6ImJwMjpjbGljayIsImJ1bGxldGluX2lkIjoiMjAyMjEyMjIuNjg2ODkwMjEiLCJ1cmwiOiJodHRwOi8vd3d3LkFmZm9yZGFibGVDb25uZWN0aXZpdHkuZ292In0.DgTDTXSJMUpg0nBJemDl6t1flHh3l3RtV-8BjdRBp2Y%2Fs%2F1823459855%2Fbr%2F151136056576-l&amp;data=05%7C01%7CTheo.Stavropoulos%40ks.gov%7Cfab7bc778abe47e25e7e08dae444d5b0%7Cdcae8101c92d480cbc43c6761ccccc5a%7C0%7C0%7C638073281536413546%7CUnknown%7CTWFpbGZsb3d8eyJWIjoiMC4wLjAwMDAiLCJQIjoiV2luMzIiLCJBTiI6Ik1haWwiLCJXVCI6Mn0%3D%7C3000%7C%7C%7C&amp;sdata=dc5Kko11TzBMh8Oyw8wFn2sP%2BsF5cUzUNX5EHb2NWbI%3D&amp;reserved=0\">ConectividadAsequible.gov<\/a> y <a href=\"https:\/\/gcc02.safelinks.protection.outlook.com\/?url=https%3A%2F%2Flnks.gd%2Fl%2FeyJhbGciOiJIUzI1NiJ9.eyJidWxsZXRpbl9saW5rX2lkIjoxMDMsInVyaSI6ImJwMjpjbGljayIsImJ1bGxldGluX2lkIjoiMjAyMjEyMjIuNjg2ODkwMjEiLCJ1cmwiOiJodHRwOi8vd3d3LkludGVybmV0Zm9yQWxsLmdvdiJ9.5K_7kZMgI-1VdjvQl2jn-JAcNuBYb_CSYJM03IuRXvQ%2Fs%2F1823459855%2Fbr%2F151136056576-l&amp;data=05%7C01%7CTheo.Stavropoulos%40ks.gov%7Cfab7bc778abe47e25e7e08dae444d5b0%7Cdcae8101c92d480cbc43c6761ccccc5a%7C0%7C0%7C638073281536413546%7CUnknown%7CTWFpbGZsb3d8eyJWIjoiMC4wLjAwMDAiLCJQIjoiV2luMzIiLCJBTiI6Ik1haWwiLCJXVCI6Mn0%3D%7C3000%7C%7C%7C&amp;sdata=yZl5A34pFX4NGQj1POVvKCYlyxjsUjiEC25xuhGRUOM%3D&amp;reserved=0\">InternetparaTodos.gov<\/a>.<\/p>","protected":false},"excerpt":{"rendered":"<p>TOPEKA - La Gobernadora Laura Kelly ha anunciado hoy que Kansas ha recibido casi $5,7 millones para ampliar el acceso, la adopci\u00f3n y la asequibilidad de la banda ancha, de la Oficina de la Administraci\u00f3n Nacional de Telecomunicaciones e Informaci\u00f3n (NTIA) del Departamento de Comercio de EE.UU.. \"Las comunidades de todo ... <\/p>","protected":false},"author":20,"featured_media":50922,"comment_status":"closed","ping_status":"open","sticky":false,"template":"","format":"standard","meta":{"_acf_changed":false,"_eb_attr":"","_monsterinsights_skip_tracking":false,"footnotes":"","_members_access_role":[],"_members_access_error":""},"categories":[925,11],"tags":[],"class_list":["post-50921","post","type-post","status-publish","format-standard","has-post-thumbnail","hentry","category-office-of-broadband","category-press-releases"],"acf":[],"yoast_head":"<!-- This site is optimized with the Yoast SEO plugin v28.3 - https:\/\/yoast.com\/product\/yoast-seo-wordpress\/ -->\n<title>Kansas Receives Nearly $5.7M to Expand Equitable Broadband Access - Kansas Department of Commerce<\/title>\n<meta name=\"robots\" content=\"index, follow, max-snippet:-1, max-image-preview:large, max-video-preview:-1\" \/>\n<link rel=\"canonical\" href=\"https:\/\/www.kansascommerce.gov\/es\/2022\/12\/kansas-receives-nearly-5-7m-to-expand-equitable-broadband-access\/\" \/>\n<meta property=\"og:locale\" content=\"es_ES\" \/>\n<meta property=\"og:type\" content=\"article\" \/>\n<meta property=\"og:title\" content=\"Kansas Receives Nearly $5.7M to Expand Equitable Broadband Access - Kansas Department of Commerce\" \/>\n<meta property=\"og:description\" content=\"TOPEKA \u2013 Governor Laura Kelly today announced Kansas has received nearly $5.7 million to expand broadband access, adoption, and affordability, from the U.S. Department of Commerce, National Telecommunications and Information Administration (NTIA) Office. &#8220;Communities across ...\" \/>\n<meta property=\"og:url\" content=\"https:\/\/www.kansascommerce.gov\/es\/2022\/12\/kansas-receives-nearly-5-7m-to-expand-equitable-broadband-access\/\" \/>\n<meta property=\"og:site_name\" content=\"Kansas Department of Commerce\" \/>\n<meta property=\"article:publisher\" content=\"https:\/\/www.facebook.com\/KansasCommerce\/\" \/>\n<meta property=\"article:published_time\" content=\"2022-12-22T18:31:06+00:00\" \/>\n<meta property=\"article:modified_time\" content=\"2024-12-02T20:03:05+00:00\" \/>\n<meta property=\"og:image\" content=\"https:\/\/www.kansascommerce.gov\/wp-content\/uploads\/2022\/12\/MicrosoftTeams-image-234.jpg\" \/>\n\t<meta property=\"og:image:width\" content=\"1419\" \/>\n\t<meta property=\"og:image:height\" content=\"742\" \/>\n\t<meta property=\"og:image:type\" content=\"image\/jpeg\" \/>\n<meta name=\"author\" content=\"Theo Stavropoulos\" \/>\n<meta name=\"twitter:card\" content=\"summary_large_image\" \/>\n<meta name=\"twitter:creator\" content=\"@KansasCommerce\" \/>\n<meta name=\"twitter:site\" content=\"@KansasCommerce\" \/>\n<meta name=\"twitter:label1\" content=\"Escrito por\" \/>\n\t<meta name=\"twitter:data1\" content=\"Theo Stavropoulos\" \/>\n\t<meta name=\"twitter:label2\" content=\"Tiempo de lectura\" \/>\n\t<meta name=\"twitter:data2\" content=\"3 minutos\" \/>\n<script type=\"application\/ld+json\" class=\"yoast-schema-graph\">{\"@context\":\"https:\\\/\\\/schema.org\",\"@graph\":[{\"@type\":\"Article\",\"@id\":\"https:\\\/\\\/www.kansascommerce.gov\\\/es\\\/2022\\\/12\\\/kansas-receives-nearly-5-7m-to-expand-equitable-broadband-access\\\/#article\",\"isPartOf\":{\"@id\":\"https:\\\/\\\/www.kansascommerce.gov\\\/es\\\/2022\\\/12\\\/kansas-receives-nearly-5-7m-to-expand-equitable-broadband-access\\\/\"},\"author\":{\"name\":\"Theo Stavropoulos\",\"@id\":\"https:\\\/\\\/www.kansascommerce.gov\\\/#\\\/schema\\\/person\\\/b431e3dce31b0a58fd4b15a0e69821bb\"},\"headline\":\"Kansas Receives Nearly $5.7M to Expand Equitable Broadband Access\",\"datePublished\":\"2022-12-22T18:31:06+00:00\",\"dateModified\":\"2024-12-02T20:03:05+00:00\",\"mainEntityOfPage\":{\"@id\":\"https:\\\/\\\/www.kansascommerce.gov\\\/es\\\/2022\\\/12\\\/kansas-receives-nearly-5-7m-to-expand-equitable-broadband-access\\\/\"},\"wordCount\":581,\"publisher\":{\"@id\":\"https:\\\/\\\/www.kansascommerce.gov\\\/#organization\"},\"image\":{\"@id\":\"https:\\\/\\\/www.kansascommerce.gov\\\/es\\\/2022\\\/12\\\/kansas-receives-nearly-5-7m-to-expand-equitable-broadband-access\\\/#primaryimage\"},\"thumbnailUrl\":\"https:\\\/\\\/www.kansascommerce.gov\\\/wp-content\\\/uploads\\\/2022\\\/12\\\/MicrosoftTeams-image-234.jpg\",\"articleSection\":[\"Office of Broadband\",\"Press Releases\"],\"inLanguage\":\"es\"},{\"@type\":\"WebPage\",\"@id\":\"https:\\\/\\\/www.kansascommerce.gov\\\/es\\\/2022\\\/12\\\/kansas-receives-nearly-5-7m-to-expand-equitable-broadband-access\\\/\",\"url\":\"https:\\\/\\\/www.kansascommerce.gov\\\/es\\\/2022\\\/12\\\/kansas-receives-nearly-5-7m-to-expand-equitable-broadband-access\\\/\",\"name\":\"Kansas Receives Nearly $5.7M to Expand Equitable Broadband Access - Kansas Department of Commerce\",\"isPartOf\":{\"@id\":\"https:\\\/\\\/www.kansascommerce.gov\\\/#website\"},\"primaryImageOfPage\":{\"@id\":\"https:\\\/\\\/www.kansascommerce.gov\\\/es\\\/2022\\\/12\\\/kansas-receives-nearly-5-7m-to-expand-equitable-broadband-access\\\/#primaryimage\"},\"image\":{\"@id\":\"https:\\\/\\\/www.kansascommerce.gov\\\/es\\\/2022\\\/12\\\/kansas-receives-nearly-5-7m-to-expand-equitable-broadband-access\\\/#primaryimage\"},\"thumbnailUrl\":\"https:\\\/\\\/www.kansascommerce.gov\\\/wp-content\\\/uploads\\\/2022\\\/12\\\/MicrosoftTeams-image-234.jpg\",\"datePublished\":\"2022-12-22T18:31:06+00:00\",\"dateModified\":\"2024-12-02T20:03:05+00:00\",\"breadcrumb\":{\"@id\":\"https:\\\/\\\/www.kansascommerce.gov\\\/es\\\/2022\\\/12\\\/kansas-receives-nearly-5-7m-to-expand-equitable-broadband-access\\\/#breadcrumb\"},\"inLanguage\":\"es\",\"potentialAction\":[{\"@type\":\"ReadAction\",\"target\":[\"https:\\\/\\\/www.kansascommerce.gov\\\/es\\\/2022\\\/12\\\/kansas-receives-nearly-5-7m-to-expand-equitable-broadband-access\\\/\"]}]},{\"@type\":\"ImageObject\",\"inLanguage\":\"es\",\"@id\":\"https:\\\/\\\/www.kansascommerce.gov\\\/es\\\/2022\\\/12\\\/kansas-receives-nearly-5-7m-to-expand-equitable-broadband-access\\\/#primaryimage\",\"url\":\"https:\\\/\\\/www.kansascommerce.gov\\\/wp-content\\\/uploads\\\/2022\\\/12\\\/MicrosoftTeams-image-234.jpg\",\"contentUrl\":\"https:\\\/\\\/www.kansascommerce.gov\\\/wp-content\\\/uploads\\\/2022\\\/12\\\/MicrosoftTeams-image-234.jpg\",\"width\":1419,\"height\":742},{\"@type\":\"BreadcrumbList\",\"@id\":\"https:\\\/\\\/www.kansascommerce.gov\\\/es\\\/2022\\\/12\\\/kansas-receives-nearly-5-7m-to-expand-equitable-broadband-access\\\/#breadcrumb\",\"itemListElement\":[{\"@type\":\"ListItem\",\"position\":1,\"name\":\"Home\",\"item\":\"https:\\\/\\\/www.kansascommerce.gov\\\/\"},{\"@type\":\"ListItem\",\"position\":2,\"name\":\"Kansas Receives Nearly $5.7M to Expand Equitable Broadband Access\"}]},{\"@type\":\"WebSite\",\"@id\":\"https:\\\/\\\/www.kansascommerce.gov\\\/#website\",\"url\":\"https:\\\/\\\/www.kansascommerce.gov\\\/\",\"name\":\"Kansas Department of Commerce\",\"description\":\"Empowering Prosperity\",\"publisher\":{\"@id\":\"https:\\\/\\\/www.kansascommerce.gov\\\/#organization\"},\"potentialAction\":[{\"@type\":\"SearchAction\",\"target\":{\"@type\":\"EntryPoint\",\"urlTemplate\":\"https:\\\/\\\/www.kansascommerce.gov\\\/?s={search_term_string}\"},\"query-input\":{\"@type\":\"PropertyValueSpecification\",\"valueRequired\":true,\"valueName\":\"search_term_string\"}}],\"inLanguage\":\"es\"},{\"@type\":\"Organization\",\"@id\":\"https:\\\/\\\/www.kansascommerce.gov\\\/#organization\",\"name\":\"Kansas Department of Commerce\",\"url\":\"https:\\\/\\\/www.kansascommerce.gov\\\/\",\"logo\":{\"@type\":\"ImageObject\",\"inLanguage\":\"es\",\"@id\":\"https:\\\/\\\/www.kansascommerce.gov\\\/#\\\/schema\\\/logo\\\/image\\\/\",\"url\":\"https:\\\/\\\/www.kansascommerce.gov\\\/wp-content\\\/uploads\\\/2020\\\/07\\\/kdc_logo.png\",\"contentUrl\":\"https:\\\/\\\/www.kansascommerce.gov\\\/wp-content\\\/uploads\\\/2020\\\/07\\\/kdc_logo.png\",\"width\":600,\"height\":347,\"caption\":\"Kansas Department of Commerce\"},\"image\":{\"@id\":\"https:\\\/\\\/www.kansascommerce.gov\\\/#\\\/schema\\\/logo\\\/image\\\/\"},\"sameAs\":[\"https:\\\/\\\/www.facebook.com\\\/KansasCommerce\\\/\",\"https:\\\/\\\/x.com\\\/KansasCommerce\",\"https:\\\/\\\/www.linkedin.com\\\/company\\\/kansas-department-of-commerce\\\/\"]},{\"@type\":\"Person\",\"@id\":\"https:\\\/\\\/www.kansascommerce.gov\\\/#\\\/schema\\\/person\\\/b431e3dce31b0a58fd4b15a0e69821bb\",\"name\":\"Theo Stavropoulos\",\"image\":{\"@type\":\"ImageObject\",\"inLanguage\":\"es\",\"@id\":\"https:\\\/\\\/secure.gravatar.com\\\/avatar\\\/5c4a05fc2e649ca3dca4008ab861a446f4d18bbef6fc9509ab5f0b5978070c14?s=96&d=mm&r=g\",\"url\":\"https:\\\/\\\/secure.gravatar.com\\\/avatar\\\/5c4a05fc2e649ca3dca4008ab861a446f4d18bbef6fc9509ab5f0b5978070c14?s=96&d=mm&r=g\",\"contentUrl\":\"https:\\\/\\\/secure.gravatar.com\\\/avatar\\\/5c4a05fc2e649ca3dca4008ab861a446f4d18bbef6fc9509ab5f0b5978070c14?s=96&d=mm&r=g\",\"caption\":\"Theo Stavropoulos\"},\"url\":\"https:\\\/\\\/www.kansascommerce.gov\\\/es\\\/author\\\/theo\\\/\"}]}<\/script>\n<!-- \/ Yoast SEO plugin. -->","yoast_head_json":{"title":"Kansas Receives Nearly $5.7M to Expand Equitable Broadband Access - Kansas Department of Commerce","robots":{"index":"index","follow":"follow","max-snippet":"max-snippet:-1","max-image-preview":"max-image-preview:large","max-video-preview":"max-video-preview:-1"},"canonical":"https:\/\/www.kansascommerce.gov\/es\/2022\/12\/kansas-receives-nearly-5-7m-to-expand-equitable-broadband-access\/","og_locale":"es_ES","og_type":"article","og_title":"Kansas Receives Nearly $5.7M to Expand Equitable Broadband Access - Kansas Department of Commerce","og_description":"TOPEKA \u2013 Governor Laura Kelly today announced Kansas has received nearly $5.7 million to expand broadband access, adoption, and affordability, from the U.S. Department of Commerce, National Telecommunications and Information Administration (NTIA) Office. &#8220;Communities across ...","og_url":"https:\/\/www.kansascommerce.gov\/es\/2022\/12\/kansas-receives-nearly-5-7m-to-expand-equitable-broadband-access\/","og_site_name":"Kansas Department of Commerce","article_publisher":"https:\/\/www.facebook.com\/KansasCommerce\/","article_published_time":"2022-12-22T18:31:06+00:00","article_modified_time":"2024-12-02T20:03:05+00:00","og_image":[{"width":1419,"height":742,"url":"https:\/\/www.kansascommerce.gov\/wp-content\/uploads\/2022\/12\/MicrosoftTeams-image-234.jpg","type":"image\/jpeg"}],"author":"Theo Stavropoulos","twitter_card":"summary_large_image","twitter_creator":"@KansasCommerce","twitter_site":"@KansasCommerce","twitter_misc":{"Escrito por":"Theo Stavropoulos","Tiempo de lectura":"3 minutos"},"schema":{"@context":"https:\/\/schema.org","@graph":[{"@type":"Article","@id":"https:\/\/www.kansascommerce.gov\/es\/2022\/12\/kansas-receives-nearly-5-7m-to-expand-equitable-broadband-access\/#article","isPartOf":{"@id":"https:\/\/www.kansascommerce.gov\/es\/2022\/12\/kansas-receives-nearly-5-7m-to-expand-equitable-broadband-access\/"},"author":{"name":"Theo Stavropoulos","@id":"https:\/\/www.kansascommerce.gov\/#\/schema\/person\/b431e3dce31b0a58fd4b15a0e69821bb"},"headline":"Kansas Receives Nearly $5.7M to Expand Equitable Broadband Access","datePublished":"2022-12-22T18:31:06+00:00","dateModified":"2024-12-02T20:03:05+00:00","mainEntityOfPage":{"@id":"https:\/\/www.kansascommerce.gov\/es\/2022\/12\/kansas-receives-nearly-5-7m-to-expand-equitable-broadband-access\/"},"wordCount":581,"publisher":{"@id":"https:\/\/www.kansascommerce.gov\/#organization"},"image":{"@id":"https:\/\/www.kansascommerce.gov\/es\/2022\/12\/kansas-receives-nearly-5-7m-to-expand-equitable-broadband-access\/#primaryimage"},"thumbnailUrl":"https:\/\/www.kansascommerce.gov\/wp-content\/uploads\/2022\/12\/MicrosoftTeams-image-234.jpg","articleSection":["Office of Broadband","Press Releases"],"inLanguage":"es"},{"@type":"WebPage","@id":"https:\/\/www.kansascommerce.gov\/es\/2022\/12\/kansas-receives-nearly-5-7m-to-expand-equitable-broadband-access\/","url":"https:\/\/www.kansascommerce.gov\/es\/2022\/12\/kansas-receives-nearly-5-7m-to-expand-equitable-broadband-access\/","name":"Kansas Receives Nearly $5.7M to Expand Equitable Broadband Access - Kansas Department of Commerce","isPartOf":{"@id":"https:\/\/www.kansascommerce.gov\/#website"},"primaryImageOfPage":{"@id":"https:\/\/www.kansascommerce.gov\/es\/2022\/12\/kansas-receives-nearly-5-7m-to-expand-equitable-broadband-access\/#primaryimage"},"image":{"@id":"https:\/\/www.kansascommerce.gov\/es\/2022\/12\/kansas-receives-nearly-5-7m-to-expand-equitable-broadband-access\/#primaryimage"},"thumbnailUrl":"https:\/\/www.kansascommerce.gov\/wp-content\/uploads\/2022\/12\/MicrosoftTeams-image-234.jpg","datePublished":"2022-12-22T18:31:06+00:00","dateModified":"2024-12-02T20:03:05+00:00","breadcrumb":{"@id":"https:\/\/www.kansascommerce.gov\/es\/2022\/12\/kansas-receives-nearly-5-7m-to-expand-equitable-broadband-access\/#breadcrumb"},"inLanguage":"es","potentialAction":[{"@type":"ReadAction","target":["https:\/\/www.kansascommerce.gov\/es\/2022\/12\/kansas-receives-nearly-5-7m-to-expand-equitable-broadband-access\/"]}]},{"@type":"ImageObject","inLanguage":"es","@id":"https:\/\/www.kansascommerce.gov\/es\/2022\/12\/kansas-receives-nearly-5-7m-to-expand-equitable-broadband-access\/#primaryimage","url":"https:\/\/www.kansascommerce.gov\/wp-content\/uploads\/2022\/12\/MicrosoftTeams-image-234.jpg","contentUrl":"https:\/\/www.kansascommerce.gov\/wp-content\/uploads\/2022\/12\/MicrosoftTeams-image-234.jpg","width":1419,"height":742},{"@type":"BreadcrumbList","@id":"https:\/\/www.kansascommerce.gov\/es\/2022\/12\/kansas-receives-nearly-5-7m-to-expand-equitable-broadband-access\/#breadcrumb","itemListElement":[{"@type":"ListItem","position":1,"name":"Home","item":"https:\/\/www.kansascommerce.gov\/"},{"@type":"ListItem","position":2,"name":"Kansas Receives Nearly $5.7M to Expand Equitable Broadband Access"}]},{"@type":"WebSite","@id":"https:\/\/www.kansascommerce.gov\/#website","url":"https:\/\/www.kansascommerce.gov\/","name":"Departamento de Comercio de Kansas","description":"Fomentar la prosperidad","publisher":{"@id":"https:\/\/www.kansascommerce.gov\/#organization"},"potentialAction":[{"@type":"SearchAction","target":{"@type":"EntryPoint","urlTemplate":"https:\/\/www.kansascommerce.gov\/?s={search_term_string}"},"query-input":{"@type":"PropertyValueSpecification","valueRequired":true,"valueName":"search_term_string"}}],"inLanguage":"es"},{"@type":"Organization","@id":"https:\/\/www.kansascommerce.gov\/#organization","name":"Departamento de Comercio de Kansas","url":"https:\/\/www.kansascommerce.gov\/","logo":{"@type":"ImageObject","inLanguage":"es","@id":"https:\/\/www.kansascommerce.gov\/#\/schema\/logo\/image\/","url":"https:\/\/www.kansascommerce.gov\/wp-content\/uploads\/2020\/07\/kdc_logo.png","contentUrl":"https:\/\/www.kansascommerce.gov\/wp-content\/uploads\/2020\/07\/kdc_logo.png","width":600,"height":347,"caption":"Kansas Department of Commerce"},"image":{"@id":"https:\/\/www.kansascommerce.gov\/#\/schema\/logo\/image\/"},"sameAs":["https:\/\/www.facebook.com\/KansasCommerce\/","https:\/\/x.com\/KansasCommerce","https:\/\/www.linkedin.com\/company\/kansas-department-of-commerce\/"]},{"@type":"Person","@id":"https:\/\/www.kansascommerce.gov\/#\/schema\/person\/b431e3dce31b0a58fd4b15a0e69821bb","name":"Theo Stavropoulos","image":{"@type":"ImageObject","inLanguage":"es","@id":"https:\/\/secure.gravatar.com\/avatar\/5c4a05fc2e649ca3dca4008ab861a446f4d18bbef6fc9509ab5f0b5978070c14?s=96&d=mm&r=g","url":"https:\/\/secure.gravatar.com\/avatar\/5c4a05fc2e649ca3dca4008ab861a446f4d18bbef6fc9509ab5f0b5978070c14?s=96&d=mm&r=g","contentUrl":"https:\/\/secure.gravatar.com\/avatar\/5c4a05fc2e649ca3dca4008ab861a446f4d18bbef6fc9509ab5f0b5978070c14?s=96&d=mm&r=g","caption":"Theo Stavropoulos"},"url":"https:\/\/www.kansascommerce.gov\/es\/author\/theo\/"}]}},"publishpress_future_action":{"enabled":false,"date":"2026-09-07 03:44:14","action":"change-status","newStatus":"draft","terms":[],"taxonomy":"category","extraData":[]},"publishpress_future_workflow_manual_trigger":{"enabledWorkflows":[]},"_links":{"self":[{"href":"https:\/\/www.kansascommerce.gov\/es\/wp-json\/wp\/v2\/posts\/50921","targetHints":{"allow":["GET"]}}],"collection":[{"href":"https:\/\/www.kansascommerce.gov\/es\/wp-json\/wp\/v2\/posts"}],"about":[{"href":"https:\/\/www.kansascommerce.gov\/es\/wp-json\/wp\/v2\/types\/post"}],"author":[{"embeddable":true,"href":"https:\/\/www.kansascommerce.gov\/es\/wp-json\/wp\/v2\/users\/20"}],"replies":[{"embeddable":true,"href":"https:\/\/www.kansascommerce.gov\/es\/wp-json\/wp\/v2\/comments?post=50921"}],"version-history":[{"count":0,"href":"https:\/\/www.kansascommerce.gov\/es\/wp-json\/wp\/v2\/posts\/50921\/revisions"}],"wp:featuredmedia":[{"embeddable":true,"href":"https:\/\/www.kansascommerce.gov\/es\/wp-json\/wp\/v2\/media\/50922"}],"wp:attachment":[{"href":"https:\/\/www.kansascommerce.gov\/es\/wp-json\/wp\/v2\/media?parent=50921"}],"wp:term":[{"taxonomy":"category","embeddable":true,"href":"https:\/\/www.kansascommerce.gov\/es\/wp-json\/wp\/v2\/categories?post=50921"},{"taxonomy":"post_tag","embeddable":true,"href":"https:\/\/www.kansascommerce.gov\/es\/wp-json\/wp\/v2\/tags?post=50921"}],"curies":[{"name":"wp","href":"https:\/\/api.w.org\/{rel}","templated":true}]}}