{"id":57157,"date":"2023-10-20T10:44:19","date_gmt":"2023-10-20T15:44:19","guid":{"rendered":"https:\/\/www.kansascommerce.gov\/?p=57157"},"modified":"2023-10-23T09:20:16","modified_gmt":"2023-10-23T14:20:16","slug":"governor-kelly-encourages-communities-to-join-kansas-main-street-program","status":"publish","type":"post","link":"https:\/\/www.kansascommerce.gov\/es\/2023\/10\/governor-kelly-encourages-communities-to-join-kansas-main-street-program\/","title":{"rendered":"El gobernador Kelly anima a las comunidades a unirse al programa Main Street de Kansas"},"content":{"rendered":"<div class=\"wp-block-image\">\n<figure class=\"aligncenter size-large\"><img fetchpriority=\"high\" decoding=\"async\" width=\"1024\" height=\"535\" src=\"https:\/\/www.kansascommerce.gov\/wp-content\/uploads\/2023\/10\/MicrosoftTeams-image-584-1024x535.jpg\" alt=\"\" class=\"wp-image-57162\" srcset=\"https:\/\/www.kansascommerce.gov\/wp-content\/uploads\/2023\/10\/MicrosoftTeams-image-584-1024x535.jpg 1024w, https:\/\/www.kansascommerce.gov\/wp-content\/uploads\/2023\/10\/MicrosoftTeams-image-584-300x157.jpg 300w, https:\/\/www.kansascommerce.gov\/wp-content\/uploads\/2023\/10\/MicrosoftTeams-image-584-768x402.jpg 768w, https:\/\/www.kansascommerce.gov\/wp-content\/uploads\/2023\/10\/MicrosoftTeams-image-584-18x9.jpg 18w, https:\/\/www.kansascommerce.gov\/wp-content\/uploads\/2023\/10\/MicrosoftTeams-image-584.jpg 1419w\" sizes=\"(max-width: 1024px) 100vw, 1024px\" \/><\/figure>\n<\/div>\n\n\n<p class=\"wp-block-paragraph\"><strong>TOPEKA<\/strong>&nbsp;- La Gobernadora Laura Kelly ha anunciado hoy que el programa Kansas Main Street est\u00e1 buscando nuevas comunidades para unirse al programa en 2024. Kansas Main Street ofrece asistencia t\u00e9cnica y apoyo a las comunidades que trabajan para revitalizar sus zonas c\u00e9ntricas centr\u00e1ndose en la vitalidad econ\u00f3mica, el dise\u00f1o, la promoci\u00f3n y la organizaci\u00f3n.<\/p>\n\n\n\n<p class=\"wp-block-paragraph\">El programa Kansas Main Street se puso en marcha inicialmente en 1985, pero finaliz\u00f3 en 2012 bajo la Administraci\u00f3n Brownback. El gobernador Kelly reinici\u00f3 el programa en 2019 con el apoyo de la Legislatura de Kansas.&nbsp;<\/p>\n\n\n\n<p class=\"wp-block-paragraph\">\"El Programa Main Street de Kansas ha sido crucial para preservar y hacer crecer los centros urbanos de todo el estado\".<strong> La Gobernadora Laura Kelly declar\u00f3<\/strong>. \"Las zonas c\u00e9ntricas son el latido del coraz\u00f3n y el orgullo de la mayor\u00eda de las comunidades de todo Kansas, y la mejora de estos pilares de la comunidad es parte de c\u00f3mo vamos a traer nuevos puestos de trabajo a la zona.\"&nbsp;<\/p>\n\n\n\n<p class=\"wp-block-paragraph\">Las comunidades que deseen presentar solicitudes deben asistir primero a un taller de solicitud virtual, en el que se explicar\u00e1 el Enfoque Main Street y el proceso para cumplimentar la solicitud. Main Street Kansas organizar\u00e1 el pr\u00f3ximo taller de solicitud virtual el lunes 13 de noviembre a las 10 de la ma\u00f1ana.<\/p>\n\n\n\n<p class=\"wp-block-paragraph\">Las solicitudes para el programa Kansas Main Street se abrir\u00e1n el 4 de diciembre y se cerrar\u00e1n el 26 de enero de 2024. Las solicitudes se revisar\u00e1n en febrero y las nuevas comunidades se anunciar\u00e1n en marzo.<\/p>\n\n\n\n<p class=\"wp-block-paragraph\">\"Once comunidades se han agregado desde que el gobernador Kelly trajo de vuelta el programa Kansas Main Street a finales de 2019\".&nbsp;<strong>ha declarado el Vicegobernador y Secretario de Comercio, David Toland.&nbsp;<\/strong>\"Estas comunidades de Kansas disponen ahora de los recursos y herramientas necesarios para apoyar el desarrollo econ\u00f3mico e insuflar nueva vida a sus centros y distritos comerciales hist\u00f3ricos.\"<\/p>\n\n\n\n<p class=\"wp-block-paragraph\">Entre los beneficios de obtener la designaci\u00f3n de comunidad Kansas Main Street se incluyen:&nbsp;<\/p>\n\n\n\n<ul class=\"wp-block-list\">\n<li>Amplia asistencia t\u00e9cnica del Estado y programas nacionales para impulsar el desarrollo econ\u00f3mico del centro de la ciudad<\/li>\n\n\n\n<li>Formaci\u00f3n en planificaci\u00f3n estrat\u00e9gica, capacitaci\u00f3n de programas y gesti\u00f3n organizativa para la organizaci\u00f3n Main Street.<\/li>\n\n\n\n<li>Formaci\u00f3n individualizada para gestores, consejos y otros participantes en Main Street<\/li>\n\n\n\n<li>Asistencia a la formaci\u00f3n trimestral estatal y oportunidades de desarrollo profesional<\/li>\n\n\n\n<li>Acceso a servicios de dise\u00f1o para ayudar a los propietarios del centro a emprender proyectos eficaces de rehabilitaci\u00f3n, restauraci\u00f3n, reutilizaci\u00f3n adaptativa y relleno, as\u00ed como a reimaginar los espacios p\u00fablicos del distrito.<\/li>\n\n\n\n<li>Acceso a asistencia empresarial, como contrataci\u00f3n y retenci\u00f3n, planificaci\u00f3n de sucesiones, elaboraci\u00f3n de planes de negocio y desarrollo empresarial.<\/li>\n\n\n\n<li>Pertenencia a la red Main Street America<\/li>\n<\/ul>\n\n\n\n<p class=\"wp-block-paragraph\">\"El enfoque Main Street es una herramienta de desarrollo econ\u00f3mico de eficacia probada, especialmente para las comunidades peque\u00f1as y rurales\".&nbsp;<strong>En palabras de Scott Sewell, Director de Kansas Main Street.&nbsp;<\/strong>\"Ha sido un gran recurso para las comunidades de Kansas, y siempre animamos a que haya m\u00e1s participantes en el programa\".<\/p>\n\n\n\n<p class=\"wp-block-paragraph\">Es necesario inscribirse en el taller de solicitud del 13 de noviembre, que puede completarse&nbsp;<a href=\"https:\/\/gcc02.safelinks.protection.outlook.com\/?url=https%3A%2F%2Flnks.gd%2Fl%2FeyJhbGciOiJIUzI1NiJ9.eyJidWxsZXRpbl9saW5rX2lkIjoxMDEsInVyaSI6ImJwMjpjbGljayIsInVybCI6Imh0dHBzOi8vdXMwMndlYi56b29tLnVzL21lZXRpbmcvcmVnaXN0ZXIvdFpNc2RlbXVxVGdxR05UajJTMzJrbVlzbjk4QllkWGN5SjEyIy9yZWdpc3RyYXRpb24iLCJidWxsZXRpbl9pZCI6IjIwMjMxMDIwLjg0Mzc2NTUxIn0.LOVYjy7ZaBHC2SOhhT803WtOsMhfIkoJQ2DIvvFhbl4%2Fs%2F3034455950%2Fbr%2F228665163112-l&amp;data=05%7C01%7Cglorianna.noland%40ks.gov%7Cc089742596a14518b6ba08dbd1831214%7Cdcae8101c92d480cbc43c6761ccccc5a%7C0%7C0%7C638334133106051870%7CUnknown%7CTWFpbGZsb3d8eyJWIjoiMC4wLjAwMDAiLCJQIjoiV2luMzIiLCJBTiI6Ik1haWwiLCJXVCI6Mn0%3D%7C3000%7C%7C%7C&amp;sdata=euPPYscQNGWT0Tv6svXZuHRO%2F%2F%2F2nbs5OviKSnYwcz4%3D&amp;reserved=0\" target=\"_blank\" rel=\"noreferrer noopener\">aqu\u00ed<\/a>.&nbsp;<\/p>\n\n\n\n<p class=\"wp-block-paragraph\">Para m\u00e1s informaci\u00f3n sobre el programa Main Street de Kansas, pulse <a href=\"https:\/\/gcc02.safelinks.protection.outlook.com\/?url=https%3A%2F%2Flnks.gd%2Fl%2FeyJhbGciOiJIUzI1NiJ9.eyJidWxsZXRpbl9saW5rX2lkIjoxMDIsInVyaSI6ImJwMjpjbGljayIsInVybCI6Imh0dHBzOi8vd3d3LmthbnNhc2NvbW1lcmNlLmdvdi9wcm9ncmFtL2NvbW11bml0eS1wcm9ncmFtcy9tYWluLXN0cmVldC8iLCJidWxsZXRpbl9pZCI6IjIwMjMxMDIwLjg0Mzc2NTUxIn0.KD3_riW8yAVIqtKCFuUaq-ki7JMMY3ZSFs4iOS8ESVk%2Fs%2F3034455950%2Fbr%2F228665163112-l&amp;data=05%7C01%7Cglorianna.noland%40ks.gov%7Cc089742596a14518b6ba08dbd1831214%7Cdcae8101c92d480cbc43c6761ccccc5a%7C0%7C0%7C638334133106051870%7CUnknown%7CTWFpbGZsb3d8eyJWIjoiMC4wLjAwMDAiLCJQIjoiV2luMzIiLCJBTiI6Ik1haWwiLCJXVCI6Mn0%3D%7C3000%7C%7C%7C&amp;sdata=fGuQUZwIKZnDF3Pfg2TdfDOjyobc5Dof%2F5hDFEFOUkE%3D&amp;reserved=0\">aqu\u00ed<\/a> o p\u00f3ngase en contacto con el Director Scott Sewell llamando al (785) 230-6404 o&nbsp;<a href=\"mailto:scott.sewell@ks.gov\" target=\"_blank\" rel=\"noreferrer noopener\">scott.sewell@ks.gov<\/a>.<\/p>","protected":false},"excerpt":{"rendered":"<p>TOPEKA - La gobernadora Laura Kelly anunci\u00f3 hoy que el programa Kansas Main Street est\u00e1 buscando nuevas comunidades para unirse al programa en 2024. Kansas Main Street proporciona asistencia t\u00e9cnica y apoyo a las comunidades que trabajan para revitalizar sus... <\/p>","protected":false},"author":131,"featured_media":57162,"comment_status":"closed","ping_status":"closed","sticky":false,"template":"","format":"standard","meta":{"_acf_changed":false,"_eb_attr":"","_monsterinsights_skip_tracking":false,"footnotes":"","_members_access_role":[],"_members_access_error":""},"categories":[11],"tags":[],"class_list":["post-57157","post","type-post","status-publish","format-standard","has-post-thumbnail","hentry","category-press-releases"],"acf":[],"yoast_head":"<!-- This site is optimized with the Yoast SEO plugin v28.4 - https:\/\/yoast.com\/product\/yoast-seo-wordpress\/ -->\n<title>Governor Kelly Encourages Communities to Join Kansas Main Street Program - Kansas Department of Commerce<\/title>\n<meta name=\"robots\" content=\"index, follow, max-snippet:-1, max-image-preview:large, max-video-preview:-1\" \/>\n<link rel=\"canonical\" href=\"https:\/\/www.kansascommerce.gov\/es\/2023\/10\/governor-kelly-encourages-communities-to-join-kansas-main-street-program\/\" \/>\n<meta property=\"og:locale\" content=\"es_ES\" \/>\n<meta property=\"og:type\" content=\"article\" \/>\n<meta property=\"og:title\" content=\"Governor Kelly Encourages Communities to Join Kansas Main Street Program - Kansas Department of Commerce\" \/>\n<meta property=\"og:description\" content=\"TOPEKA&nbsp;\u2013&nbsp;Governor Laura Kelly announced today that the Kansas Main Street program is seeking new communities to join the program in 2024. Kansas Main Street provides technical assistance and support for communities working to revitalize their ...\" \/>\n<meta property=\"og:url\" content=\"https:\/\/www.kansascommerce.gov\/es\/2023\/10\/governor-kelly-encourages-communities-to-join-kansas-main-street-program\/\" \/>\n<meta property=\"og:site_name\" content=\"Kansas Department of Commerce\" \/>\n<meta property=\"article:publisher\" content=\"https:\/\/www.facebook.com\/KansasCommerce\/\" \/>\n<meta property=\"article:published_time\" content=\"2023-10-20T15:44:19+00:00\" \/>\n<meta property=\"article:modified_time\" content=\"2023-10-23T14:20:16+00:00\" \/>\n<meta property=\"og:image\" content=\"https:\/\/www.kansascommerce.gov\/wp-content\/uploads\/2023\/10\/MicrosoftTeams-image-584.jpg\" \/>\n\t<meta property=\"og:image:width\" content=\"1419\" \/>\n\t<meta property=\"og:image:height\" content=\"742\" \/>\n\t<meta property=\"og:image:type\" content=\"image\/jpeg\" \/>\n<meta name=\"author\" content=\"Abby Payne\" \/>\n<meta name=\"twitter:card\" content=\"summary_large_image\" \/>\n<meta name=\"twitter:creator\" content=\"@KansasCommerce\" \/>\n<meta name=\"twitter:site\" content=\"@KansasCommerce\" \/>\n<meta name=\"twitter:label1\" content=\"Escrito por\" \/>\n\t<meta name=\"twitter:data1\" content=\"Abby Payne\" \/>\n\t<meta name=\"twitter:label2\" content=\"Tiempo de lectura\" \/>\n\t<meta name=\"twitter:data2\" content=\"2 minutos\" \/>\n<script type=\"application\/ld+json\" class=\"yoast-schema-graph\">{\"@context\":\"https:\\\/\\\/schema.org\",\"@graph\":[{\"@type\":\"Article\",\"@id\":\"https:\\\/\\\/www.kansascommerce.gov\\\/2023\\\/10\\\/governor-kelly-encourages-communities-to-join-kansas-main-street-program\\\/#article\",\"isPartOf\":{\"@id\":\"https:\\\/\\\/www.kansascommerce.gov\\\/2023\\\/10\\\/governor-kelly-encourages-communities-to-join-kansas-main-street-program\\\/\"},\"author\":{\"name\":\"Abby Payne\",\"@id\":\"https:\\\/\\\/www.kansascommerce.gov\\\/#\\\/schema\\\/person\\\/927727769893127e3690414f40759c57\"},\"headline\":\"Governor Kelly Encourages Communities to Join Kansas Main Street Program\",\"datePublished\":\"2023-10-20T15:44:19+00:00\",\"dateModified\":\"2023-10-23T14:20:16+00:00\",\"mainEntityOfPage\":{\"@id\":\"https:\\\/\\\/www.kansascommerce.gov\\\/2023\\\/10\\\/governor-kelly-encourages-communities-to-join-kansas-main-street-program\\\/\"},\"wordCount\":453,\"publisher\":{\"@id\":\"https:\\\/\\\/www.kansascommerce.gov\\\/#organization\"},\"image\":{\"@id\":\"https:\\\/\\\/www.kansascommerce.gov\\\/2023\\\/10\\\/governor-kelly-encourages-communities-to-join-kansas-main-street-program\\\/#primaryimage\"},\"thumbnailUrl\":\"https:\\\/\\\/www.kansascommerce.gov\\\/wp-content\\\/uploads\\\/2023\\\/10\\\/MicrosoftTeams-image-584.jpg\",\"articleSection\":[\"Press Releases\"],\"inLanguage\":\"es\"},{\"@type\":\"WebPage\",\"@id\":\"https:\\\/\\\/www.kansascommerce.gov\\\/2023\\\/10\\\/governor-kelly-encourages-communities-to-join-kansas-main-street-program\\\/\",\"url\":\"https:\\\/\\\/www.kansascommerce.gov\\\/2023\\\/10\\\/governor-kelly-encourages-communities-to-join-kansas-main-street-program\\\/\",\"name\":\"Governor Kelly Encourages Communities to Join Kansas Main Street Program - Kansas Department of Commerce\",\"isPartOf\":{\"@id\":\"https:\\\/\\\/www.kansascommerce.gov\\\/#website\"},\"primaryImageOfPage\":{\"@id\":\"https:\\\/\\\/www.kansascommerce.gov\\\/2023\\\/10\\\/governor-kelly-encourages-communities-to-join-kansas-main-street-program\\\/#primaryimage\"},\"image\":{\"@id\":\"https:\\\/\\\/www.kansascommerce.gov\\\/2023\\\/10\\\/governor-kelly-encourages-communities-to-join-kansas-main-street-program\\\/#primaryimage\"},\"thumbnailUrl\":\"https:\\\/\\\/www.kansascommerce.gov\\\/wp-content\\\/uploads\\\/2023\\\/10\\\/MicrosoftTeams-image-584.jpg\",\"datePublished\":\"2023-10-20T15:44:19+00:00\",\"dateModified\":\"2023-10-23T14:20:16+00:00\",\"breadcrumb\":{\"@id\":\"https:\\\/\\\/www.kansascommerce.gov\\\/2023\\\/10\\\/governor-kelly-encourages-communities-to-join-kansas-main-street-program\\\/#breadcrumb\"},\"inLanguage\":\"es\",\"potentialAction\":[{\"@type\":\"ReadAction\",\"target\":[\"https:\\\/\\\/www.kansascommerce.gov\\\/2023\\\/10\\\/governor-kelly-encourages-communities-to-join-kansas-main-street-program\\\/\"]}]},{\"@type\":\"ImageObject\",\"inLanguage\":\"es\",\"@id\":\"https:\\\/\\\/www.kansascommerce.gov\\\/2023\\\/10\\\/governor-kelly-encourages-communities-to-join-kansas-main-street-program\\\/#primaryimage\",\"url\":\"https:\\\/\\\/www.kansascommerce.gov\\\/wp-content\\\/uploads\\\/2023\\\/10\\\/MicrosoftTeams-image-584.jpg\",\"contentUrl\":\"https:\\\/\\\/www.kansascommerce.gov\\\/wp-content\\\/uploads\\\/2023\\\/10\\\/MicrosoftTeams-image-584.jpg\",\"width\":1419,\"height\":742},{\"@type\":\"BreadcrumbList\",\"@id\":\"https:\\\/\\\/www.kansascommerce.gov\\\/2023\\\/10\\\/governor-kelly-encourages-communities-to-join-kansas-main-street-program\\\/#breadcrumb\",\"itemListElement\":[{\"@type\":\"ListItem\",\"position\":1,\"name\":\"Home\",\"item\":\"https:\\\/\\\/www.kansascommerce.gov\\\/\"},{\"@type\":\"ListItem\",\"position\":2,\"name\":\"Governor Kelly Encourages Communities to Join Kansas Main Street Program\"}]},{\"@type\":\"WebSite\",\"@id\":\"https:\\\/\\\/www.kansascommerce.gov\\\/#website\",\"url\":\"https:\\\/\\\/www.kansascommerce.gov\\\/\",\"name\":\"Kansas Department of Commerce\",\"description\":\"Empowering Prosperity\",\"publisher\":{\"@id\":\"https:\\\/\\\/www.kansascommerce.gov\\\/#organization\"},\"potentialAction\":[{\"@type\":\"SearchAction\",\"target\":{\"@type\":\"EntryPoint\",\"urlTemplate\":\"https:\\\/\\\/www.kansascommerce.gov\\\/?s={search_term_string}\"},\"query-input\":{\"@type\":\"PropertyValueSpecification\",\"valueRequired\":true,\"valueName\":\"search_term_string\"}}],\"inLanguage\":\"es\"},{\"@type\":\"Organization\",\"@id\":\"https:\\\/\\\/www.kansascommerce.gov\\\/#organization\",\"name\":\"Kansas Department of Commerce\",\"url\":\"https:\\\/\\\/www.kansascommerce.gov\\\/\",\"logo\":{\"@type\":\"ImageObject\",\"inLanguage\":\"es\",\"@id\":\"https:\\\/\\\/www.kansascommerce.gov\\\/#\\\/schema\\\/logo\\\/image\\\/\",\"url\":\"https:\\\/\\\/www.kansascommerce.gov\\\/wp-content\\\/uploads\\\/2020\\\/07\\\/kdc_logo.png\",\"contentUrl\":\"https:\\\/\\\/www.kansascommerce.gov\\\/wp-content\\\/uploads\\\/2020\\\/07\\\/kdc_logo.png\",\"width\":600,\"height\":347,\"caption\":\"Kansas Department of Commerce\"},\"image\":{\"@id\":\"https:\\\/\\\/www.kansascommerce.gov\\\/#\\\/schema\\\/logo\\\/image\\\/\"},\"sameAs\":[\"https:\\\/\\\/www.facebook.com\\\/KansasCommerce\\\/\",\"https:\\\/\\\/x.com\\\/KansasCommerce\",\"https:\\\/\\\/www.linkedin.com\\\/company\\\/kansas-department-of-commerce\\\/\"]},{\"@type\":\"Person\",\"@id\":\"https:\\\/\\\/www.kansascommerce.gov\\\/#\\\/schema\\\/person\\\/927727769893127e3690414f40759c57\",\"name\":\"Abby Payne\",\"image\":{\"@type\":\"ImageObject\",\"inLanguage\":\"es\",\"@id\":\"https:\\\/\\\/secure.gravatar.com\\\/avatar\\\/9940541491837f80191c32b38f108e57eed09866c4b3b668c17ec8fe9a8eec1a?s=96&d=mm&r=g\",\"url\":\"https:\\\/\\\/secure.gravatar.com\\\/avatar\\\/9940541491837f80191c32b38f108e57eed09866c4b3b668c17ec8fe9a8eec1a?s=96&d=mm&r=g\",\"contentUrl\":\"https:\\\/\\\/secure.gravatar.com\\\/avatar\\\/9940541491837f80191c32b38f108e57eed09866c4b3b668c17ec8fe9a8eec1a?s=96&d=mm&r=g\",\"caption\":\"Abby Payne\"},\"url\":\"https:\\\/\\\/www.kansascommerce.gov\\\/es\\\/author\\\/abby-payne\\\/\"}]}<\/script>\n<!-- \/ Yoast SEO plugin. -->","yoast_head_json":{"title":"Governor Kelly Encourages Communities to Join Kansas Main Street Program - Kansas Department of Commerce","robots":{"index":"index","follow":"follow","max-snippet":"max-snippet:-1","max-image-preview":"max-image-preview:large","max-video-preview":"max-video-preview:-1"},"canonical":"https:\/\/www.kansascommerce.gov\/es\/2023\/10\/governor-kelly-encourages-communities-to-join-kansas-main-street-program\/","og_locale":"es_ES","og_type":"article","og_title":"Governor Kelly Encourages Communities to Join Kansas Main Street Program - Kansas Department of Commerce","og_description":"TOPEKA&nbsp;\u2013&nbsp;Governor Laura Kelly announced today that the Kansas Main Street program is seeking new communities to join the program in 2024. Kansas Main Street provides technical assistance and support for communities working to revitalize their ...","og_url":"https:\/\/www.kansascommerce.gov\/es\/2023\/10\/governor-kelly-encourages-communities-to-join-kansas-main-street-program\/","og_site_name":"Kansas Department of Commerce","article_publisher":"https:\/\/www.facebook.com\/KansasCommerce\/","article_published_time":"2023-10-20T15:44:19+00:00","article_modified_time":"2023-10-23T14:20:16+00:00","og_image":[{"width":1419,"height":742,"url":"https:\/\/www.kansascommerce.gov\/wp-content\/uploads\/2023\/10\/MicrosoftTeams-image-584.jpg","type":"image\/jpeg"}],"author":"Abby Payne","twitter_card":"summary_large_image","twitter_creator":"@KansasCommerce","twitter_site":"@KansasCommerce","twitter_misc":{"Escrito por":"Abby Payne","Tiempo de lectura":"2 minutos"},"schema":{"@context":"https:\/\/schema.org","@graph":[{"@type":"Article","@id":"https:\/\/www.kansascommerce.gov\/2023\/10\/governor-kelly-encourages-communities-to-join-kansas-main-street-program\/#article","isPartOf":{"@id":"https:\/\/www.kansascommerce.gov\/2023\/10\/governor-kelly-encourages-communities-to-join-kansas-main-street-program\/"},"author":{"name":"Abby Payne","@id":"https:\/\/www.kansascommerce.gov\/#\/schema\/person\/927727769893127e3690414f40759c57"},"headline":"Governor Kelly Encourages Communities to Join Kansas Main Street Program","datePublished":"2023-10-20T15:44:19+00:00","dateModified":"2023-10-23T14:20:16+00:00","mainEntityOfPage":{"@id":"https:\/\/www.kansascommerce.gov\/2023\/10\/governor-kelly-encourages-communities-to-join-kansas-main-street-program\/"},"wordCount":453,"publisher":{"@id":"https:\/\/www.kansascommerce.gov\/#organization"},"image":{"@id":"https:\/\/www.kansascommerce.gov\/2023\/10\/governor-kelly-encourages-communities-to-join-kansas-main-street-program\/#primaryimage"},"thumbnailUrl":"https:\/\/www.kansascommerce.gov\/wp-content\/uploads\/2023\/10\/MicrosoftTeams-image-584.jpg","articleSection":["Press Releases"],"inLanguage":"es"},{"@type":"WebPage","@id":"https:\/\/www.kansascommerce.gov\/2023\/10\/governor-kelly-encourages-communities-to-join-kansas-main-street-program\/","url":"https:\/\/www.kansascommerce.gov\/2023\/10\/governor-kelly-encourages-communities-to-join-kansas-main-street-program\/","name":"Governor Kelly Encourages Communities to Join Kansas Main Street Program - Kansas Department of Commerce","isPartOf":{"@id":"https:\/\/www.kansascommerce.gov\/#website"},"primaryImageOfPage":{"@id":"https:\/\/www.kansascommerce.gov\/2023\/10\/governor-kelly-encourages-communities-to-join-kansas-main-street-program\/#primaryimage"},"image":{"@id":"https:\/\/www.kansascommerce.gov\/2023\/10\/governor-kelly-encourages-communities-to-join-kansas-main-street-program\/#primaryimage"},"thumbnailUrl":"https:\/\/www.kansascommerce.gov\/wp-content\/uploads\/2023\/10\/MicrosoftTeams-image-584.jpg","datePublished":"2023-10-20T15:44:19+00:00","dateModified":"2023-10-23T14:20:16+00:00","breadcrumb":{"@id":"https:\/\/www.kansascommerce.gov\/2023\/10\/governor-kelly-encourages-communities-to-join-kansas-main-street-program\/#breadcrumb"},"inLanguage":"es","potentialAction":[{"@type":"ReadAction","target":["https:\/\/www.kansascommerce.gov\/2023\/10\/governor-kelly-encourages-communities-to-join-kansas-main-street-program\/"]}]},{"@type":"ImageObject","inLanguage":"es","@id":"https:\/\/www.kansascommerce.gov\/2023\/10\/governor-kelly-encourages-communities-to-join-kansas-main-street-program\/#primaryimage","url":"https:\/\/www.kansascommerce.gov\/wp-content\/uploads\/2023\/10\/MicrosoftTeams-image-584.jpg","contentUrl":"https:\/\/www.kansascommerce.gov\/wp-content\/uploads\/2023\/10\/MicrosoftTeams-image-584.jpg","width":1419,"height":742},{"@type":"BreadcrumbList","@id":"https:\/\/www.kansascommerce.gov\/2023\/10\/governor-kelly-encourages-communities-to-join-kansas-main-street-program\/#breadcrumb","itemListElement":[{"@type":"ListItem","position":1,"name":"Home","item":"https:\/\/www.kansascommerce.gov\/"},{"@type":"ListItem","position":2,"name":"Governor Kelly Encourages Communities to Join Kansas Main Street Program"}]},{"@type":"WebSite","@id":"https:\/\/www.kansascommerce.gov\/#website","url":"https:\/\/www.kansascommerce.gov\/","name":"Departamento de Comercio de Kansas","description":"Fomentar la prosperidad","publisher":{"@id":"https:\/\/www.kansascommerce.gov\/#organization"},"potentialAction":[{"@type":"SearchAction","target":{"@type":"EntryPoint","urlTemplate":"https:\/\/www.kansascommerce.gov\/?s={search_term_string}"},"query-input":{"@type":"PropertyValueSpecification","valueRequired":true,"valueName":"search_term_string"}}],"inLanguage":"es"},{"@type":"Organization","@id":"https:\/\/www.kansascommerce.gov\/#organization","name":"Departamento de Comercio de Kansas","url":"https:\/\/www.kansascommerce.gov\/","logo":{"@type":"ImageObject","inLanguage":"es","@id":"https:\/\/www.kansascommerce.gov\/#\/schema\/logo\/image\/","url":"https:\/\/www.kansascommerce.gov\/wp-content\/uploads\/2020\/07\/kdc_logo.png","contentUrl":"https:\/\/www.kansascommerce.gov\/wp-content\/uploads\/2020\/07\/kdc_logo.png","width":600,"height":347,"caption":"Kansas Department of Commerce"},"image":{"@id":"https:\/\/www.kansascommerce.gov\/#\/schema\/logo\/image\/"},"sameAs":["https:\/\/www.facebook.com\/KansasCommerce\/","https:\/\/x.com\/KansasCommerce","https:\/\/www.linkedin.com\/company\/kansas-department-of-commerce\/"]},{"@type":"Person","@id":"https:\/\/www.kansascommerce.gov\/#\/schema\/person\/927727769893127e3690414f40759c57","name":"Abby Payne","image":{"@type":"ImageObject","inLanguage":"es","@id":"https:\/\/secure.gravatar.com\/avatar\/9940541491837f80191c32b38f108e57eed09866c4b3b668c17ec8fe9a8eec1a?s=96&d=mm&r=g","url":"https:\/\/secure.gravatar.com\/avatar\/9940541491837f80191c32b38f108e57eed09866c4b3b668c17ec8fe9a8eec1a?s=96&d=mm&r=g","contentUrl":"https:\/\/secure.gravatar.com\/avatar\/9940541491837f80191c32b38f108e57eed09866c4b3b668c17ec8fe9a8eec1a?s=96&d=mm&r=g","caption":"Abby Payne"},"url":"https:\/\/www.kansascommerce.gov\/es\/author\/abby-payne\/"}]}},"publishpress_future_action":{"enabled":false,"date":"2026-09-09 16:08:13","action":"change-status","newStatus":"draft","terms":[],"taxonomy":"category","extraData":[]},"publishpress_future_workflow_manual_trigger":{"enabledWorkflows":[]},"_links":{"self":[{"href":"https:\/\/www.kansascommerce.gov\/es\/wp-json\/wp\/v2\/posts\/57157","targetHints":{"allow":["GET"]}}],"collection":[{"href":"https:\/\/www.kansascommerce.gov\/es\/wp-json\/wp\/v2\/posts"}],"about":[{"href":"https:\/\/www.kansascommerce.gov\/es\/wp-json\/wp\/v2\/types\/post"}],"author":[{"embeddable":true,"href":"https:\/\/www.kansascommerce.gov\/es\/wp-json\/wp\/v2\/users\/131"}],"replies":[{"embeddable":true,"href":"https:\/\/www.kansascommerce.gov\/es\/wp-json\/wp\/v2\/comments?post=57157"}],"version-history":[{"count":0,"href":"https:\/\/www.kansascommerce.gov\/es\/wp-json\/wp\/v2\/posts\/57157\/revisions"}],"wp:featuredmedia":[{"embeddable":true,"href":"https:\/\/www.kansascommerce.gov\/es\/wp-json\/wp\/v2\/media\/57162"}],"wp:attachment":[{"href":"https:\/\/www.kansascommerce.gov\/es\/wp-json\/wp\/v2\/media?parent=57157"}],"wp:term":[{"taxonomy":"category","embeddable":true,"href":"https:\/\/www.kansascommerce.gov\/es\/wp-json\/wp\/v2\/categories?post=57157"},{"taxonomy":"post_tag","embeddable":true,"href":"https:\/\/www.kansascommerce.gov\/es\/wp-json\/wp\/v2\/tags?post=57157"}],"curies":[{"name":"wp","href":"https:\/\/api.w.org\/{rel}","templated":true}]}}