{"id":57388,"date":"2023-11-14T10:18:12","date_gmt":"2023-11-14T15:18:12","guid":{"rendered":"https:\/\/www.kansascommerce.gov\/?p=57388"},"modified":"2023-11-14T13:02:24","modified_gmt":"2023-11-14T18:02:24","slug":"commerce-program-opens-employment-pathway-for-justice-involved-kansans","status":"publish","type":"post","link":"https:\/\/www.kansascommerce.gov\/es\/2023\/11\/commerce-program-opens-employment-pathway-for-justice-involved-kansans\/","title":{"rendered":"Un programa de comercio abre una v\u00eda de empleo a los reclusos de Kansas"},"content":{"rendered":"<div class=\"wp-block-image\">\n<figure class=\"aligncenter size-large\"><img fetchpriority=\"high\" decoding=\"async\" width=\"1024\" height=\"535\" src=\"https:\/\/www.kansascommerce.gov\/wp-content\/uploads\/2023\/11\/MicrosoftTeams-image-705-1024x535.png\" alt=\"\" class=\"wp-image-57389\" srcset=\"https:\/\/www.kansascommerce.gov\/wp-content\/uploads\/2023\/11\/MicrosoftTeams-image-705-1024x535.png 1024w, https:\/\/www.kansascommerce.gov\/wp-content\/uploads\/2023\/11\/MicrosoftTeams-image-705-300x157.png 300w, https:\/\/www.kansascommerce.gov\/wp-content\/uploads\/2023\/11\/MicrosoftTeams-image-705-768x402.png 768w, https:\/\/www.kansascommerce.gov\/wp-content\/uploads\/2023\/11\/MicrosoftTeams-image-705-18x9.png 18w, https:\/\/www.kansascommerce.gov\/wp-content\/uploads\/2023\/11\/MicrosoftTeams-image-705.png 1419w\" sizes=\"(max-width: 1024px) 100vw, 1024px\" \/><\/figure>\n<\/div>\n\n\n<p class=\"wp-block-paragraph\"><strong>TOPEKA<\/strong> - <strong>NEGOCIOS<\/strong>WORKS, una divisi\u00f3n del Departamento de Comercio de Kansas, est\u00e1 dando pasos significativos para capacitar a las personas implicadas en la justicia en todo el estado a trav\u00e9s del programa Re-entry Specialized Employment Counseling &amp; Training (<strong>ReSpECT<\/strong>)WOR<em>KS <\/em>programa. Este programa ofrece gesti\u00f3n intensiva de casos y orientaci\u00f3n profesional a las personas que cumplen los requisitos para salir del sistema penitenciario de Kansas.<\/p>\n\n\n\n<p class=\"wp-block-paragraph\">En <strong>ReSpECT<\/strong>WOR<em>KS <\/em>El programa, administrado en colaboraci\u00f3n con el Departamento Correccional de Kansas, se cre\u00f3 en 2021 para ayudar a reducir la tasa de reincidencia en Kansas, que actualmente es del 35%.<\/p>\n\n\n\n<p class=\"wp-block-paragraph\">\"Este programa se centra en ofrecer una oportunidad a los habitantes de Kansas implicados en la justicia de conseguir un empleo sostenible y con un salario digno para participar activamente en la sociedad y romper el ciclo del encarcelamiento\". <strong>ha declarado el Vicegobernador y Secretario de Comercio, David Toland.<\/strong> \"A su vez, los empresarios que necesitan talento pueden estar tranquilos porque estos candidatos cuentan con un conjunto de recursos que les ayudar\u00e1n a tener \u00e9xito\".<\/p>\n\n\n\n<p class=\"wp-block-paragraph\">El programa funciona actualmente a trav\u00e9s de fondos federales por los que compite la agencia, como la subvenci\u00f3n Pathway Home de $4 millones concedida por el Departamento de Trabajo de EE.UU. en 2021.<\/p>\n\n\n\n<p class=\"wp-block-paragraph\">La asistencia se presta en funci\u00f3n de las necesidades e incluye:<\/p>\n\n\n\n<ul class=\"wp-block-list\">\n<li>Preparaci\u00f3n, exploraci\u00f3n y planificaci\u00f3n del empleo<\/li>\n\n\n\n<li>Formaci\u00f3n profesional<\/li>\n\n\n\n<li>Ayuda al alquiler<\/li>\n\n\n\n<li>Pagos relacionados con el transporte y otras necesidades b\u00e1sicas<\/li>\n\n\n\n<li>Suministros y ropa de trabajo<\/li>\n\n\n\n<li>Gesti\u00f3n intensiva de casos y asesoramiento laboral<\/li>\n\n\n\n<li>Ayuda para obtener la identificaci\u00f3n estatal<\/li>\n\n\n\n<li>Otros servicios individualizados<\/li>\n<\/ul>\n\n\n\n<p class=\"wp-block-paragraph\"><strong>\"<\/strong>Sabemos que quienes obtienen un trabajo con un salario digno al salir de prisi\u00f3n tienen un tercio menos de probabilidades de volver\". <strong>El Secretario de Instituciones Penitenciarias, Jeff Zmuda, ha declarado<\/strong>. \"Estamos entusiasmados con nuestra asociaci\u00f3n con <strong>NEGOCIOS<\/strong>OBRAS y la <strong>ReSpECT<\/strong>WOR<em>KS<\/em> ya que proporciona una capa a\u00f1adida de recursos para ayudar a estas personas a salir adelante una vez que hayan regresado a la comunidad\".<\/p>\n\n\n\n<p class=\"wp-block-paragraph\">Un aspecto \u00fanico de <strong>ReSpECT<\/strong>WOR<em>KS <\/em>es que los participantes permanecen con el mismo gestor de casos antes y despu\u00e9s de la puesta en libertad. Adem\u00e1s, los participantes reciben 12 meses de seguimiento tras conseguir un empleo estable. El objetivo de este m\u00e9todo es ayudar a los participantes ofreci\u00e9ndoles un servicio integral y personalizado que les ayude a conseguir y conservar puestos de trabajo con salarios sostenibles y de alta demanda, y a reducir la probabilidad de reincidencia.<\/p>\n\n\n\n<p class=\"wp-block-paragraph\">Hasta la fecha, el <strong>ReSpECT<\/strong>WOR<em>KS <\/em>ha inscrito a 360 participantes implicados por la justicia y ha logrado una tasa de empleo superior al 70%.<\/p>\n\n\n\n<p class=\"wp-block-paragraph\">\"Nuestro enfoque de este programa es intencionado, y la respuesta que hemos recibido de los inscritos es alentadora\". <strong>En palabras del Subsecretario de Comercio, Mike Beene.<\/strong> \"Todo esto consiste en volver a poner el elemento humano en la ecuaci\u00f3n, y la <strong>ReSpECT<\/strong>WOR<em>KS <\/em>programa lo facilita\".<\/p>\n\n\n\n<p class=\"wp-block-paragraph\">El Departamento de Comercio de Kansas espera ampliar el programa y aumentar a 120 el n\u00famero de personas atendidas anualmente por la justicia en el pr\u00f3ximo a\u00f1o.<\/p>","protected":false},"excerpt":{"rendered":"<p>TOPEKA - KANSASWORKS, una divisi\u00f3n del Departamento de Comercio de Kansas, est\u00e1 dando pasos significativos para empoderar a las personas involucradas en la justicia en todo el estado a trav\u00e9s del programa Re-entry Specialized Employment Counseling &amp; Training (ReSpECT)WORKS. Este programa proporciona ... <\/p>","protected":false},"author":131,"featured_media":57389,"comment_status":"closed","ping_status":"closed","sticky":false,"template":"","format":"standard","meta":{"_acf_changed":false,"_eb_attr":"","_monsterinsights_skip_tracking":false,"footnotes":"","_members_access_role":[],"_members_access_error":""},"categories":[11],"tags":[],"class_list":["post-57388","post","type-post","status-publish","format-standard","has-post-thumbnail","hentry","category-press-releases"],"acf":[],"yoast_head":"<!-- This site is optimized with the Yoast SEO plugin v28.3 - https:\/\/yoast.com\/product\/yoast-seo-wordpress\/ -->\n<title>Commerce Program Opens Employment Pathway for Justice-Involved Kansans - Kansas Department of Commerce<\/title>\n<meta name=\"robots\" content=\"index, follow, max-snippet:-1, max-image-preview:large, max-video-preview:-1\" \/>\n<link rel=\"canonical\" href=\"https:\/\/www.kansascommerce.gov\/es\/2023\/11\/commerce-program-opens-employment-pathway-for-justice-involved-kansans\/\" \/>\n<meta property=\"og:locale\" content=\"es_ES\" \/>\n<meta property=\"og:type\" content=\"article\" \/>\n<meta property=\"og:title\" content=\"Commerce Program Opens Employment Pathway for Justice-Involved Kansans - Kansas Department of Commerce\" \/>\n<meta property=\"og:description\" content=\"TOPEKA \u2013 KANSASWORKS, a division of the Kansas Department of Commerce, is taking significant strides to empower justice-involved individuals across the state through the Re-entry Specialized Employment Counseling &amp; Training (ReSpECT)WORKS program. This program provides ...\" \/>\n<meta property=\"og:url\" content=\"https:\/\/www.kansascommerce.gov\/es\/2023\/11\/commerce-program-opens-employment-pathway-for-justice-involved-kansans\/\" \/>\n<meta property=\"og:site_name\" content=\"Kansas Department of Commerce\" \/>\n<meta property=\"article:publisher\" content=\"https:\/\/www.facebook.com\/KansasCommerce\/\" \/>\n<meta property=\"article:published_time\" content=\"2023-11-14T15:18:12+00:00\" \/>\n<meta property=\"article:modified_time\" content=\"2023-11-14T18:02:24+00:00\" \/>\n<meta property=\"og:image\" content=\"https:\/\/www.kansascommerce.gov\/wp-content\/uploads\/2023\/11\/MicrosoftTeams-image-705.png\" \/>\n\t<meta property=\"og:image:width\" content=\"1419\" \/>\n\t<meta property=\"og:image:height\" content=\"742\" \/>\n\t<meta property=\"og:image:type\" content=\"image\/png\" \/>\n<meta name=\"author\" content=\"Abby Payne\" \/>\n<meta name=\"twitter:card\" content=\"summary_large_image\" \/>\n<meta name=\"twitter:creator\" content=\"@KansasCommerce\" \/>\n<meta name=\"twitter:site\" content=\"@KansasCommerce\" \/>\n<meta name=\"twitter:label1\" content=\"Escrito por\" \/>\n\t<meta name=\"twitter:data1\" content=\"Abby Payne\" \/>\n\t<meta name=\"twitter:label2\" content=\"Tiempo de lectura\" \/>\n\t<meta name=\"twitter:data2\" content=\"2 minutos\" \/>\n<script type=\"application\/ld+json\" class=\"yoast-schema-graph\">{\"@context\":\"https:\\\/\\\/schema.org\",\"@graph\":[{\"@type\":\"Article\",\"@id\":\"https:\\\/\\\/www.kansascommerce.gov\\\/2023\\\/11\\\/commerce-program-opens-employment-pathway-for-justice-involved-kansans\\\/#article\",\"isPartOf\":{\"@id\":\"https:\\\/\\\/www.kansascommerce.gov\\\/2023\\\/11\\\/commerce-program-opens-employment-pathway-for-justice-involved-kansans\\\/\"},\"author\":{\"name\":\"Abby Payne\",\"@id\":\"https:\\\/\\\/www.kansascommerce.gov\\\/#\\\/schema\\\/person\\\/927727769893127e3690414f40759c57\"},\"headline\":\"Commerce Program Opens Employment Pathway for Justice-Involved Kansans\",\"datePublished\":\"2023-11-14T15:18:12+00:00\",\"dateModified\":\"2023-11-14T18:02:24+00:00\",\"mainEntityOfPage\":{\"@id\":\"https:\\\/\\\/www.kansascommerce.gov\\\/2023\\\/11\\\/commerce-program-opens-employment-pathway-for-justice-involved-kansans\\\/\"},\"wordCount\":422,\"publisher\":{\"@id\":\"https:\\\/\\\/www.kansascommerce.gov\\\/#organization\"},\"image\":{\"@id\":\"https:\\\/\\\/www.kansascommerce.gov\\\/2023\\\/11\\\/commerce-program-opens-employment-pathway-for-justice-involved-kansans\\\/#primaryimage\"},\"thumbnailUrl\":\"https:\\\/\\\/www.kansascommerce.gov\\\/wp-content\\\/uploads\\\/2023\\\/11\\\/MicrosoftTeams-image-705.png\",\"articleSection\":[\"Press Releases\"],\"inLanguage\":\"es\"},{\"@type\":\"WebPage\",\"@id\":\"https:\\\/\\\/www.kansascommerce.gov\\\/2023\\\/11\\\/commerce-program-opens-employment-pathway-for-justice-involved-kansans\\\/\",\"url\":\"https:\\\/\\\/www.kansascommerce.gov\\\/2023\\\/11\\\/commerce-program-opens-employment-pathway-for-justice-involved-kansans\\\/\",\"name\":\"Commerce Program Opens Employment Pathway for Justice-Involved Kansans - Kansas Department of Commerce\",\"isPartOf\":{\"@id\":\"https:\\\/\\\/www.kansascommerce.gov\\\/#website\"},\"primaryImageOfPage\":{\"@id\":\"https:\\\/\\\/www.kansascommerce.gov\\\/2023\\\/11\\\/commerce-program-opens-employment-pathway-for-justice-involved-kansans\\\/#primaryimage\"},\"image\":{\"@id\":\"https:\\\/\\\/www.kansascommerce.gov\\\/2023\\\/11\\\/commerce-program-opens-employment-pathway-for-justice-involved-kansans\\\/#primaryimage\"},\"thumbnailUrl\":\"https:\\\/\\\/www.kansascommerce.gov\\\/wp-content\\\/uploads\\\/2023\\\/11\\\/MicrosoftTeams-image-705.png\",\"datePublished\":\"2023-11-14T15:18:12+00:00\",\"dateModified\":\"2023-11-14T18:02:24+00:00\",\"breadcrumb\":{\"@id\":\"https:\\\/\\\/www.kansascommerce.gov\\\/2023\\\/11\\\/commerce-program-opens-employment-pathway-for-justice-involved-kansans\\\/#breadcrumb\"},\"inLanguage\":\"es\",\"potentialAction\":[{\"@type\":\"ReadAction\",\"target\":[\"https:\\\/\\\/www.kansascommerce.gov\\\/2023\\\/11\\\/commerce-program-opens-employment-pathway-for-justice-involved-kansans\\\/\"]}]},{\"@type\":\"ImageObject\",\"inLanguage\":\"es\",\"@id\":\"https:\\\/\\\/www.kansascommerce.gov\\\/2023\\\/11\\\/commerce-program-opens-employment-pathway-for-justice-involved-kansans\\\/#primaryimage\",\"url\":\"https:\\\/\\\/www.kansascommerce.gov\\\/wp-content\\\/uploads\\\/2023\\\/11\\\/MicrosoftTeams-image-705.png\",\"contentUrl\":\"https:\\\/\\\/www.kansascommerce.gov\\\/wp-content\\\/uploads\\\/2023\\\/11\\\/MicrosoftTeams-image-705.png\",\"width\":1419,\"height\":742},{\"@type\":\"BreadcrumbList\",\"@id\":\"https:\\\/\\\/www.kansascommerce.gov\\\/2023\\\/11\\\/commerce-program-opens-employment-pathway-for-justice-involved-kansans\\\/#breadcrumb\",\"itemListElement\":[{\"@type\":\"ListItem\",\"position\":1,\"name\":\"Home\",\"item\":\"https:\\\/\\\/www.kansascommerce.gov\\\/\"},{\"@type\":\"ListItem\",\"position\":2,\"name\":\"Commerce Program Opens Employment Pathway for Justice-Involved Kansans\"}]},{\"@type\":\"WebSite\",\"@id\":\"https:\\\/\\\/www.kansascommerce.gov\\\/#website\",\"url\":\"https:\\\/\\\/www.kansascommerce.gov\\\/\",\"name\":\"Kansas Department of Commerce\",\"description\":\"Empowering Prosperity\",\"publisher\":{\"@id\":\"https:\\\/\\\/www.kansascommerce.gov\\\/#organization\"},\"potentialAction\":[{\"@type\":\"SearchAction\",\"target\":{\"@type\":\"EntryPoint\",\"urlTemplate\":\"https:\\\/\\\/www.kansascommerce.gov\\\/?s={search_term_string}\"},\"query-input\":{\"@type\":\"PropertyValueSpecification\",\"valueRequired\":true,\"valueName\":\"search_term_string\"}}],\"inLanguage\":\"es\"},{\"@type\":\"Organization\",\"@id\":\"https:\\\/\\\/www.kansascommerce.gov\\\/#organization\",\"name\":\"Kansas Department of Commerce\",\"url\":\"https:\\\/\\\/www.kansascommerce.gov\\\/\",\"logo\":{\"@type\":\"ImageObject\",\"inLanguage\":\"es\",\"@id\":\"https:\\\/\\\/www.kansascommerce.gov\\\/#\\\/schema\\\/logo\\\/image\\\/\",\"url\":\"https:\\\/\\\/www.kansascommerce.gov\\\/wp-content\\\/uploads\\\/2020\\\/07\\\/kdc_logo.png\",\"contentUrl\":\"https:\\\/\\\/www.kansascommerce.gov\\\/wp-content\\\/uploads\\\/2020\\\/07\\\/kdc_logo.png\",\"width\":600,\"height\":347,\"caption\":\"Kansas Department of Commerce\"},\"image\":{\"@id\":\"https:\\\/\\\/www.kansascommerce.gov\\\/#\\\/schema\\\/logo\\\/image\\\/\"},\"sameAs\":[\"https:\\\/\\\/www.facebook.com\\\/KansasCommerce\\\/\",\"https:\\\/\\\/x.com\\\/KansasCommerce\",\"https:\\\/\\\/www.linkedin.com\\\/company\\\/kansas-department-of-commerce\\\/\"]},{\"@type\":\"Person\",\"@id\":\"https:\\\/\\\/www.kansascommerce.gov\\\/#\\\/schema\\\/person\\\/927727769893127e3690414f40759c57\",\"name\":\"Abby Payne\",\"image\":{\"@type\":\"ImageObject\",\"inLanguage\":\"es\",\"@id\":\"https:\\\/\\\/secure.gravatar.com\\\/avatar\\\/9940541491837f80191c32b38f108e57eed09866c4b3b668c17ec8fe9a8eec1a?s=96&d=mm&r=g\",\"url\":\"https:\\\/\\\/secure.gravatar.com\\\/avatar\\\/9940541491837f80191c32b38f108e57eed09866c4b3b668c17ec8fe9a8eec1a?s=96&d=mm&r=g\",\"contentUrl\":\"https:\\\/\\\/secure.gravatar.com\\\/avatar\\\/9940541491837f80191c32b38f108e57eed09866c4b3b668c17ec8fe9a8eec1a?s=96&d=mm&r=g\",\"caption\":\"Abby Payne\"},\"url\":\"https:\\\/\\\/www.kansascommerce.gov\\\/es\\\/author\\\/abby-payne\\\/\"}]}<\/script>\n<!-- \/ Yoast SEO plugin. -->","yoast_head_json":{"title":"Commerce Program Opens Employment Pathway for Justice-Involved Kansans - Kansas Department of Commerce","robots":{"index":"index","follow":"follow","max-snippet":"max-snippet:-1","max-image-preview":"max-image-preview:large","max-video-preview":"max-video-preview:-1"},"canonical":"https:\/\/www.kansascommerce.gov\/es\/2023\/11\/commerce-program-opens-employment-pathway-for-justice-involved-kansans\/","og_locale":"es_ES","og_type":"article","og_title":"Commerce Program Opens Employment Pathway for Justice-Involved Kansans - Kansas Department of Commerce","og_description":"TOPEKA \u2013 KANSASWORKS, a division of the Kansas Department of Commerce, is taking significant strides to empower justice-involved individuals across the state through the Re-entry Specialized Employment Counseling &amp; Training (ReSpECT)WORKS program. This program provides ...","og_url":"https:\/\/www.kansascommerce.gov\/es\/2023\/11\/commerce-program-opens-employment-pathway-for-justice-involved-kansans\/","og_site_name":"Kansas Department of Commerce","article_publisher":"https:\/\/www.facebook.com\/KansasCommerce\/","article_published_time":"2023-11-14T15:18:12+00:00","article_modified_time":"2023-11-14T18:02:24+00:00","og_image":[{"width":1419,"height":742,"url":"https:\/\/www.kansascommerce.gov\/wp-content\/uploads\/2023\/11\/MicrosoftTeams-image-705.png","type":"image\/png"}],"author":"Abby Payne","twitter_card":"summary_large_image","twitter_creator":"@KansasCommerce","twitter_site":"@KansasCommerce","twitter_misc":{"Escrito por":"Abby Payne","Tiempo de lectura":"2 minutos"},"schema":{"@context":"https:\/\/schema.org","@graph":[{"@type":"Article","@id":"https:\/\/www.kansascommerce.gov\/2023\/11\/commerce-program-opens-employment-pathway-for-justice-involved-kansans\/#article","isPartOf":{"@id":"https:\/\/www.kansascommerce.gov\/2023\/11\/commerce-program-opens-employment-pathway-for-justice-involved-kansans\/"},"author":{"name":"Abby Payne","@id":"https:\/\/www.kansascommerce.gov\/#\/schema\/person\/927727769893127e3690414f40759c57"},"headline":"Commerce Program Opens Employment Pathway for Justice-Involved Kansans","datePublished":"2023-11-14T15:18:12+00:00","dateModified":"2023-11-14T18:02:24+00:00","mainEntityOfPage":{"@id":"https:\/\/www.kansascommerce.gov\/2023\/11\/commerce-program-opens-employment-pathway-for-justice-involved-kansans\/"},"wordCount":422,"publisher":{"@id":"https:\/\/www.kansascommerce.gov\/#organization"},"image":{"@id":"https:\/\/www.kansascommerce.gov\/2023\/11\/commerce-program-opens-employment-pathway-for-justice-involved-kansans\/#primaryimage"},"thumbnailUrl":"https:\/\/www.kansascommerce.gov\/wp-content\/uploads\/2023\/11\/MicrosoftTeams-image-705.png","articleSection":["Press Releases"],"inLanguage":"es"},{"@type":"WebPage","@id":"https:\/\/www.kansascommerce.gov\/2023\/11\/commerce-program-opens-employment-pathway-for-justice-involved-kansans\/","url":"https:\/\/www.kansascommerce.gov\/2023\/11\/commerce-program-opens-employment-pathway-for-justice-involved-kansans\/","name":"Commerce Program Opens Employment Pathway for Justice-Involved Kansans - Kansas Department of Commerce","isPartOf":{"@id":"https:\/\/www.kansascommerce.gov\/#website"},"primaryImageOfPage":{"@id":"https:\/\/www.kansascommerce.gov\/2023\/11\/commerce-program-opens-employment-pathway-for-justice-involved-kansans\/#primaryimage"},"image":{"@id":"https:\/\/www.kansascommerce.gov\/2023\/11\/commerce-program-opens-employment-pathway-for-justice-involved-kansans\/#primaryimage"},"thumbnailUrl":"https:\/\/www.kansascommerce.gov\/wp-content\/uploads\/2023\/11\/MicrosoftTeams-image-705.png","datePublished":"2023-11-14T15:18:12+00:00","dateModified":"2023-11-14T18:02:24+00:00","breadcrumb":{"@id":"https:\/\/www.kansascommerce.gov\/2023\/11\/commerce-program-opens-employment-pathway-for-justice-involved-kansans\/#breadcrumb"},"inLanguage":"es","potentialAction":[{"@type":"ReadAction","target":["https:\/\/www.kansascommerce.gov\/2023\/11\/commerce-program-opens-employment-pathway-for-justice-involved-kansans\/"]}]},{"@type":"ImageObject","inLanguage":"es","@id":"https:\/\/www.kansascommerce.gov\/2023\/11\/commerce-program-opens-employment-pathway-for-justice-involved-kansans\/#primaryimage","url":"https:\/\/www.kansascommerce.gov\/wp-content\/uploads\/2023\/11\/MicrosoftTeams-image-705.png","contentUrl":"https:\/\/www.kansascommerce.gov\/wp-content\/uploads\/2023\/11\/MicrosoftTeams-image-705.png","width":1419,"height":742},{"@type":"BreadcrumbList","@id":"https:\/\/www.kansascommerce.gov\/2023\/11\/commerce-program-opens-employment-pathway-for-justice-involved-kansans\/#breadcrumb","itemListElement":[{"@type":"ListItem","position":1,"name":"Home","item":"https:\/\/www.kansascommerce.gov\/"},{"@type":"ListItem","position":2,"name":"Commerce Program Opens Employment Pathway for Justice-Involved Kansans"}]},{"@type":"WebSite","@id":"https:\/\/www.kansascommerce.gov\/#website","url":"https:\/\/www.kansascommerce.gov\/","name":"Departamento de Comercio de Kansas","description":"Fomentar la prosperidad","publisher":{"@id":"https:\/\/www.kansascommerce.gov\/#organization"},"potentialAction":[{"@type":"SearchAction","target":{"@type":"EntryPoint","urlTemplate":"https:\/\/www.kansascommerce.gov\/?s={search_term_string}"},"query-input":{"@type":"PropertyValueSpecification","valueRequired":true,"valueName":"search_term_string"}}],"inLanguage":"es"},{"@type":"Organization","@id":"https:\/\/www.kansascommerce.gov\/#organization","name":"Departamento de Comercio de Kansas","url":"https:\/\/www.kansascommerce.gov\/","logo":{"@type":"ImageObject","inLanguage":"es","@id":"https:\/\/www.kansascommerce.gov\/#\/schema\/logo\/image\/","url":"https:\/\/www.kansascommerce.gov\/wp-content\/uploads\/2020\/07\/kdc_logo.png","contentUrl":"https:\/\/www.kansascommerce.gov\/wp-content\/uploads\/2020\/07\/kdc_logo.png","width":600,"height":347,"caption":"Kansas Department of Commerce"},"image":{"@id":"https:\/\/www.kansascommerce.gov\/#\/schema\/logo\/image\/"},"sameAs":["https:\/\/www.facebook.com\/KansasCommerce\/","https:\/\/x.com\/KansasCommerce","https:\/\/www.linkedin.com\/company\/kansas-department-of-commerce\/"]},{"@type":"Person","@id":"https:\/\/www.kansascommerce.gov\/#\/schema\/person\/927727769893127e3690414f40759c57","name":"Abby Payne","image":{"@type":"ImageObject","inLanguage":"es","@id":"https:\/\/secure.gravatar.com\/avatar\/9940541491837f80191c32b38f108e57eed09866c4b3b668c17ec8fe9a8eec1a?s=96&d=mm&r=g","url":"https:\/\/secure.gravatar.com\/avatar\/9940541491837f80191c32b38f108e57eed09866c4b3b668c17ec8fe9a8eec1a?s=96&d=mm&r=g","contentUrl":"https:\/\/secure.gravatar.com\/avatar\/9940541491837f80191c32b38f108e57eed09866c4b3b668c17ec8fe9a8eec1a?s=96&d=mm&r=g","caption":"Abby Payne"},"url":"https:\/\/www.kansascommerce.gov\/es\/author\/abby-payne\/"}]}},"publishpress_future_action":{"enabled":false,"date":"2026-09-08 11:35:09","action":"change-status","newStatus":"draft","terms":[],"taxonomy":"category","extraData":[]},"publishpress_future_workflow_manual_trigger":{"enabledWorkflows":[]},"_links":{"self":[{"href":"https:\/\/www.kansascommerce.gov\/es\/wp-json\/wp\/v2\/posts\/57388","targetHints":{"allow":["GET"]}}],"collection":[{"href":"https:\/\/www.kansascommerce.gov\/es\/wp-json\/wp\/v2\/posts"}],"about":[{"href":"https:\/\/www.kansascommerce.gov\/es\/wp-json\/wp\/v2\/types\/post"}],"author":[{"embeddable":true,"href":"https:\/\/www.kansascommerce.gov\/es\/wp-json\/wp\/v2\/users\/131"}],"replies":[{"embeddable":true,"href":"https:\/\/www.kansascommerce.gov\/es\/wp-json\/wp\/v2\/comments?post=57388"}],"version-history":[{"count":0,"href":"https:\/\/www.kansascommerce.gov\/es\/wp-json\/wp\/v2\/posts\/57388\/revisions"}],"wp:featuredmedia":[{"embeddable":true,"href":"https:\/\/www.kansascommerce.gov\/es\/wp-json\/wp\/v2\/media\/57389"}],"wp:attachment":[{"href":"https:\/\/www.kansascommerce.gov\/es\/wp-json\/wp\/v2\/media?parent=57388"}],"wp:term":[{"taxonomy":"category","embeddable":true,"href":"https:\/\/www.kansascommerce.gov\/es\/wp-json\/wp\/v2\/categories?post=57388"},{"taxonomy":"post_tag","embeddable":true,"href":"https:\/\/www.kansascommerce.gov\/es\/wp-json\/wp\/v2\/tags?post=57388"}],"curies":[{"name":"wp","href":"https:\/\/api.w.org\/{rel}","templated":true}]}}