{"id":57728,"date":"2023-11-30T12:40:10","date_gmt":"2023-11-30T17:40:10","guid":{"rendered":"https:\/\/www.kansascommerce.gov\/?p=57728"},"modified":"2024-12-02T15:03:05","modified_gmt":"2024-12-02T20:03:05","slug":"governor-kelly-announces-nearly-15m-available-to-connect-kansans-to-digital-devices-and-public-wi-fi","status":"publish","type":"post","link":"https:\/\/www.kansascommerce.gov\/es\/2023\/11\/governor-kelly-announces-nearly-15m-available-to-connect-kansans-to-digital-devices-and-public-wi-fi\/","title":{"rendered":"El Gobernador Kelly anuncia casi $15M disponibles para conectar a los habitantes de Kansas a dispositivos digitales y Wi-Fi p\u00fablico"},"content":{"rendered":"<div class=\"wp-block-image\">\n<figure class=\"aligncenter size-large\"><img fetchpriority=\"high\" decoding=\"async\" width=\"1024\" height=\"535\" src=\"https:\/\/www.kansascommerce.gov\/wp-content\/uploads\/2023\/11\/MicrosoftTeams-image-794-1024x535.jpg\" alt=\"\" class=\"wp-image-57729\" srcset=\"https:\/\/www.kansascommerce.gov\/wp-content\/uploads\/2023\/11\/MicrosoftTeams-image-794-1024x535.jpg 1024w, https:\/\/www.kansascommerce.gov\/wp-content\/uploads\/2023\/11\/MicrosoftTeams-image-794-300x157.jpg 300w, https:\/\/www.kansascommerce.gov\/wp-content\/uploads\/2023\/11\/MicrosoftTeams-image-794-768x402.jpg 768w, https:\/\/www.kansascommerce.gov\/wp-content\/uploads\/2023\/11\/MicrosoftTeams-image-794-18x9.jpg 18w, https:\/\/www.kansascommerce.gov\/wp-content\/uploads\/2023\/11\/MicrosoftTeams-image-794.jpg 1419w\" sizes=\"(max-width: 1024px) 100vw, 1024px\" \/><\/figure>\n<\/div>\n\n\n<p class=\"wp-block-paragraph\"><strong>TOPEKA<\/strong> - La gobernadora Laura Kelly ha anunciado hoy que est\u00e1n abiertas las solicitudes para el programa de Fomento de las Oportunidades Digitales para Promover la Tecnolog\u00eda (ADOPT). Se conceder\u00e1n subvenciones por un total de $14,7 millones a organizaciones que aborden los retos de la accesibilidad a la banda ancha, la asequibilidad y la disponibilidad de dispositivos.<\/p>\n\n\n\n<p class=\"wp-block-paragraph\">\"Todos los habitantes de Kansas merecen la oportunidad y los recursos para prosperar en la econom\u00eda moderna de hoy\". <strong>declar\u00f3 la Gobernadora Laura Kelly.<\/strong> \"Al aumentar el acceso a Internet a trav\u00e9s de dispositivos y Wi-Fi p\u00fablico, ADOPT est\u00e1 equipando Kansans con las herramientas necesarias para participar y competir en nuestro mundo altamente conectado.\"<\/p>\n\n\n\n<p class=\"wp-block-paragraph\">M\u00e1s de 153.000 habitantes de Kansas carecen de suscripciones a Internet de alta velocidad debido a obst\u00e1culos como limitaciones de infraestructura, problemas de asequibilidad y falta de acceso a dispositivos y asistencia t\u00e9cnica. La Oficina de Desarrollo de la Banda Ancha de Kansas (KOBD) est\u00e1 poniendo en marcha el programa integral ADOPT para combatir estos problemas.<\/p>\n\n\n\n<p class=\"wp-block-paragraph\">\"Ampliar el acceso a la banda ancha llevando Wi-Fi p\u00fablico y dispositivos digitales a zonas desatendidas abrir\u00e1 puertas a la educaci\u00f3n, el trabajo a distancia, la atenci\u00f3n sanitaria y mucho m\u00e1s\". <strong>El Vicegobernador y Secretario de Comercio, David Toland, declar\u00f3<\/strong>. \"Este programa que cambia las reglas del juego garantiza un acceso fiable a quienes m\u00e1s lo necesitan, lo que no s\u00f3lo conecta a las comunidades sino que fomenta el crecimiento econ\u00f3mico\".<\/p>\n\n\n\n<p class=\"wp-block-paragraph\">ADOPT se divide en dos categor\u00edas clave: Distribuci\u00f3n de equipos y Wi-Fi p\u00fablica. La dotaci\u00f3n m\u00e1xima individual para la distribuci\u00f3n de equipos es de $500.000; se fomenta la aportaci\u00f3n de fondos complementarios, pero no es obligatoria. En el caso de las redes Wi-Fi p\u00fablicas, hay una contrapartida local de 10%, y las subvenciones tienen un l\u00edmite m\u00e1ximo de $800.000.<\/p>\n\n\n\n<p class=\"wp-block-paragraph\">Para el programa de distribuci\u00f3n de equipos, KOBD se asociar\u00e1 con entidades capaces de adquirir, distribuir, gestionar y mantener dispositivos. Los dispositivos se proporcionar\u00e1n a personas que carezcan de medios para conectarse a Internet. El programa hace hincapi\u00e9 en los pr\u00e9stamos a largo plazo de ordenadores, port\u00e1tiles y tabletas, garantizando un acceso sostenido a las personas que cumplan los requisitos.<\/p>\n\n\n\n<p class=\"wp-block-paragraph\">El programa Wi-Fi P\u00fablico crear\u00e1 asociaciones para ofrecer soluciones en espacios p\u00fablicos desatendidos o insuficientemente atendidos. El objetivo es llevar servicios de internet asequibles y fiables a zonas sin acceso.<\/p>\n\n\n\n<p class=\"wp-block-paragraph\">El programa es un esfuerzo pionero para alcanzar los objetivos estrat\u00e9gicos esbozados en el Plan de Equidad Digital, se\u00f1alando un futuro m\u00e1s conectado y equitativo para todos los habitantes de Kansas.&nbsp;<\/p>\n\n\n\n<p class=\"wp-block-paragraph\">\"Este programa es una iniciativa estrat\u00e9gica alineada con nuestro Plan de Equidad Digital\".<strong> El Director de Desarrollo de la Banda Ancha, Jade Piros de Carvalho, ha declarado.<\/strong> \"Al abordar las carencias de dispositivos y conectividad, estamos sentando las bases de un Kansas m\u00e1s diverso econ\u00f3micamente y conectado\".<\/p>\n\n\n\n<p class=\"wp-block-paragraph\">La Oficina de Desarrollo de la Banda Ancha de Kansas afirm\u00f3 que el programa ADOPT es un testimonio del compromiso del estado con la inclusi\u00f3n digital, ya que ofrece una v\u00eda para el desarrollo econ\u00f3mico, la educaci\u00f3n, el empleo y la atenci\u00f3n sanitaria.<\/p>\n\n\n\n<p class=\"wp-block-paragraph\">Para saber m\u00e1s sobre las entidades que pueden solicitarlo, pulse <a href=\"https:\/\/gcc02.safelinks.protection.outlook.com\/?url=https%3A%2F%2Flnks.gd%2Fl%2FeyJhbGciOiJIUzI1NiJ9.eyJidWxsZXRpbl9saW5rX2lkIjoxMDEsInVyaSI6ImJwMjpjbGljayIsInVybCI6Imh0dHBzOi8vd3d3LmthbnNhc2NvbW1lcmNlLmdvdi9wcm9ncmFtL2NoYWxsZW5nZS9hZG9wdC8iLCJidWxsZXRpbl9pZCI6IjIwMjMxMTMwLjg2MzkxNzYxIn0.aGZJBv3ZMFZIeJpmbtBOt5VgdNB6XVuJfNiIptZPQBM%2Fs%2F3034455950%2Fbr%2F231929363385-l&amp;data=05%7C01%7Cglorianna.noland%40ks.gov%7Cbc2ad10bae6f49b3d5d708dbf1cad15a%7Cdcae8101c92d480cbc43c6761ccccc5a%7C0%7C0%7C638369625631480857%7CUnknown%7CTWFpbGZsb3d8eyJWIjoiMC4wLjAwMDAiLCJQIjoiV2luMzIiLCJBTiI6Ik1haWwiLCJXVCI6Mn0%3D%7C3000%7C%7C%7C&amp;sdata=p5GfOgeBfZ0Y3xqAe%2Bgzv08M106zYWm3z7ZH48jOqA4%3D&amp;reserved=0\">aqu\u00ed<\/a>. Para inscribirse en el seminario web previsto para el jueves 7 de diciembre de 13.00 a 14.00 horas, haga clic en <a href=\"https:\/\/gcc02.safelinks.protection.outlook.com\/?url=https%3A%2F%2Flnks.gd%2Fl%2FeyJhbGciOiJIUzI1NiJ9.eyJidWxsZXRpbl9saW5rX2lkIjoxMDIsInVyaSI6ImJwMjpjbGljayIsInVybCI6Imh0dHBzOi8vbHAuY29uc3RhbnRjb250YWN0cGFnZXMuY29tL2V2L3JlZy9id3VwamoyIiwiYnVsbGV0aW5faWQiOiIyMDIzMTEzMC44NjM5MTc2MSJ9.L8x7rJJP8I7ew9SRLJ3vos7TeNKUSy1scPmosyOf2_0%2Fs%2F3034455950%2Fbr%2F231929363385-l&amp;data=05%7C01%7Cglorianna.noland%40ks.gov%7Cbc2ad10bae6f49b3d5d708dbf1cad15a%7Cdcae8101c92d480cbc43c6761ccccc5a%7C0%7C0%7C638369625631480857%7CUnknown%7CTWFpbGZsb3d8eyJWIjoiMC4wLjAwMDAiLCJQIjoiV2luMzIiLCJBTiI6Ik1haWwiLCJXVCI6Mn0%3D%7C3000%7C%7C%7C&amp;sdata=CdP2fvL0GZY9cH5iAPxvNI8RJCyLtHKRTuAR20j%2BFio%3D&amp;reserved=0\">aqu\u00ed<\/a>. El plazo de solicitud estar\u00e1 abierto durante siete semanas.<\/p>","protected":false},"excerpt":{"rendered":"<p>TOPEKA - La gobernadora Laura Kelly ha anunciado hoy que est\u00e1n abiertas las solicitudes para el programa Advancing Digital Opportunities to Promote Technology (ADOPT). Un total de $14,7 millones en subvenciones estar\u00e1n disponibles para las organizaciones que abordan la... <\/p>","protected":false},"author":131,"featured_media":57729,"comment_status":"closed","ping_status":"closed","sticky":false,"template":"","format":"standard","meta":{"_acf_changed":false,"_eb_attr":"","_monsterinsights_skip_tracking":false,"footnotes":"","_members_access_role":[],"_members_access_error":""},"categories":[925,11],"tags":[],"class_list":["post-57728","post","type-post","status-publish","format-standard","has-post-thumbnail","hentry","category-office-of-broadband","category-press-releases"],"acf":[],"yoast_head":"<!-- This site is optimized with the Yoast SEO plugin v28.3 - https:\/\/yoast.com\/product\/yoast-seo-wordpress\/ -->\n<title>Governor Kelly Announces Nearly $15M Available to Connect Kansans to Digital Devices and Public Wi-Fi - Kansas Department of Commerce<\/title>\n<meta name=\"robots\" content=\"index, follow, max-snippet:-1, max-image-preview:large, max-video-preview:-1\" \/>\n<link rel=\"canonical\" href=\"https:\/\/www.kansascommerce.gov\/es\/2023\/11\/governor-kelly-announces-nearly-15m-available-to-connect-kansans-to-digital-devices-and-public-wi-fi\/\" \/>\n<meta property=\"og:locale\" content=\"es_ES\" \/>\n<meta property=\"og:type\" content=\"article\" \/>\n<meta property=\"og:title\" content=\"Governor Kelly Announces Nearly $15M Available to Connect Kansans to Digital Devices and Public Wi-Fi - Kansas Department of Commerce\" \/>\n<meta property=\"og:description\" content=\"TOPEKA \u2013&nbsp;Governor Laura Kelly announced today that applications are open for the Advancing Digital Opportunities to Promote Technology (ADOPT) program. A total of $14.7 million in grant awards will be available to organizations addressing the ...\" \/>\n<meta property=\"og:url\" content=\"https:\/\/www.kansascommerce.gov\/es\/2023\/11\/governor-kelly-announces-nearly-15m-available-to-connect-kansans-to-digital-devices-and-public-wi-fi\/\" \/>\n<meta property=\"og:site_name\" content=\"Kansas Department of Commerce\" \/>\n<meta property=\"article:publisher\" content=\"https:\/\/www.facebook.com\/KansasCommerce\/\" \/>\n<meta property=\"article:published_time\" content=\"2023-11-30T17:40:10+00:00\" \/>\n<meta property=\"article:modified_time\" content=\"2024-12-02T20:03:05+00:00\" \/>\n<meta property=\"og:image\" content=\"https:\/\/www.kansascommerce.gov\/wp-content\/uploads\/2023\/11\/MicrosoftTeams-image-794.jpg\" \/>\n\t<meta property=\"og:image:width\" content=\"1419\" \/>\n\t<meta property=\"og:image:height\" content=\"742\" \/>\n\t<meta property=\"og:image:type\" content=\"image\/jpeg\" \/>\n<meta name=\"author\" content=\"Abby Payne\" \/>\n<meta name=\"twitter:card\" content=\"summary_large_image\" \/>\n<meta name=\"twitter:creator\" content=\"@KansasCommerce\" \/>\n<meta name=\"twitter:site\" content=\"@KansasCommerce\" \/>\n<meta name=\"twitter:label1\" content=\"Escrito por\" \/>\n\t<meta name=\"twitter:data1\" content=\"Abby Payne\" \/>\n\t<meta name=\"twitter:label2\" content=\"Tiempo de lectura\" \/>\n\t<meta name=\"twitter:data2\" content=\"2 minutos\" \/>\n<script type=\"application\/ld+json\" class=\"yoast-schema-graph\">{\"@context\":\"https:\\\/\\\/schema.org\",\"@graph\":[{\"@type\":\"Article\",\"@id\":\"https:\\\/\\\/www.kansascommerce.gov\\\/2023\\\/11\\\/governor-kelly-announces-nearly-15m-available-to-connect-kansans-to-digital-devices-and-public-wi-fi\\\/#article\",\"isPartOf\":{\"@id\":\"https:\\\/\\\/www.kansascommerce.gov\\\/2023\\\/11\\\/governor-kelly-announces-nearly-15m-available-to-connect-kansans-to-digital-devices-and-public-wi-fi\\\/\"},\"author\":{\"name\":\"Abby Payne\",\"@id\":\"https:\\\/\\\/www.kansascommerce.gov\\\/#\\\/schema\\\/person\\\/927727769893127e3690414f40759c57\"},\"headline\":\"Governor Kelly Announces Nearly $15M Available to Connect Kansans to Digital Devices and Public Wi-Fi\",\"datePublished\":\"2023-11-30T17:40:10+00:00\",\"dateModified\":\"2024-12-02T20:03:05+00:00\",\"mainEntityOfPage\":{\"@id\":\"https:\\\/\\\/www.kansascommerce.gov\\\/2023\\\/11\\\/governor-kelly-announces-nearly-15m-available-to-connect-kansans-to-digital-devices-and-public-wi-fi\\\/\"},\"wordCount\":454,\"publisher\":{\"@id\":\"https:\\\/\\\/www.kansascommerce.gov\\\/#organization\"},\"image\":{\"@id\":\"https:\\\/\\\/www.kansascommerce.gov\\\/2023\\\/11\\\/governor-kelly-announces-nearly-15m-available-to-connect-kansans-to-digital-devices-and-public-wi-fi\\\/#primaryimage\"},\"thumbnailUrl\":\"https:\\\/\\\/www.kansascommerce.gov\\\/wp-content\\\/uploads\\\/2023\\\/11\\\/MicrosoftTeams-image-794.jpg\",\"articleSection\":[\"Office of Broadband\",\"Press Releases\"],\"inLanguage\":\"es\"},{\"@type\":\"WebPage\",\"@id\":\"https:\\\/\\\/www.kansascommerce.gov\\\/2023\\\/11\\\/governor-kelly-announces-nearly-15m-available-to-connect-kansans-to-digital-devices-and-public-wi-fi\\\/\",\"url\":\"https:\\\/\\\/www.kansascommerce.gov\\\/2023\\\/11\\\/governor-kelly-announces-nearly-15m-available-to-connect-kansans-to-digital-devices-and-public-wi-fi\\\/\",\"name\":\"Governor Kelly Announces Nearly $15M Available to Connect Kansans to Digital Devices and Public Wi-Fi - Kansas Department of Commerce\",\"isPartOf\":{\"@id\":\"https:\\\/\\\/www.kansascommerce.gov\\\/#website\"},\"primaryImageOfPage\":{\"@id\":\"https:\\\/\\\/www.kansascommerce.gov\\\/2023\\\/11\\\/governor-kelly-announces-nearly-15m-available-to-connect-kansans-to-digital-devices-and-public-wi-fi\\\/#primaryimage\"},\"image\":{\"@id\":\"https:\\\/\\\/www.kansascommerce.gov\\\/2023\\\/11\\\/governor-kelly-announces-nearly-15m-available-to-connect-kansans-to-digital-devices-and-public-wi-fi\\\/#primaryimage\"},\"thumbnailUrl\":\"https:\\\/\\\/www.kansascommerce.gov\\\/wp-content\\\/uploads\\\/2023\\\/11\\\/MicrosoftTeams-image-794.jpg\",\"datePublished\":\"2023-11-30T17:40:10+00:00\",\"dateModified\":\"2024-12-02T20:03:05+00:00\",\"breadcrumb\":{\"@id\":\"https:\\\/\\\/www.kansascommerce.gov\\\/2023\\\/11\\\/governor-kelly-announces-nearly-15m-available-to-connect-kansans-to-digital-devices-and-public-wi-fi\\\/#breadcrumb\"},\"inLanguage\":\"es\",\"potentialAction\":[{\"@type\":\"ReadAction\",\"target\":[\"https:\\\/\\\/www.kansascommerce.gov\\\/2023\\\/11\\\/governor-kelly-announces-nearly-15m-available-to-connect-kansans-to-digital-devices-and-public-wi-fi\\\/\"]}]},{\"@type\":\"ImageObject\",\"inLanguage\":\"es\",\"@id\":\"https:\\\/\\\/www.kansascommerce.gov\\\/2023\\\/11\\\/governor-kelly-announces-nearly-15m-available-to-connect-kansans-to-digital-devices-and-public-wi-fi\\\/#primaryimage\",\"url\":\"https:\\\/\\\/www.kansascommerce.gov\\\/wp-content\\\/uploads\\\/2023\\\/11\\\/MicrosoftTeams-image-794.jpg\",\"contentUrl\":\"https:\\\/\\\/www.kansascommerce.gov\\\/wp-content\\\/uploads\\\/2023\\\/11\\\/MicrosoftTeams-image-794.jpg\",\"width\":1419,\"height\":742},{\"@type\":\"BreadcrumbList\",\"@id\":\"https:\\\/\\\/www.kansascommerce.gov\\\/2023\\\/11\\\/governor-kelly-announces-nearly-15m-available-to-connect-kansans-to-digital-devices-and-public-wi-fi\\\/#breadcrumb\",\"itemListElement\":[{\"@type\":\"ListItem\",\"position\":1,\"name\":\"Home\",\"item\":\"https:\\\/\\\/www.kansascommerce.gov\\\/\"},{\"@type\":\"ListItem\",\"position\":2,\"name\":\"Governor Kelly Announces Nearly $15M Available to Connect Kansans to Digital Devices and Public Wi-Fi\"}]},{\"@type\":\"WebSite\",\"@id\":\"https:\\\/\\\/www.kansascommerce.gov\\\/#website\",\"url\":\"https:\\\/\\\/www.kansascommerce.gov\\\/\",\"name\":\"Kansas Department of Commerce\",\"description\":\"Empowering Prosperity\",\"publisher\":{\"@id\":\"https:\\\/\\\/www.kansascommerce.gov\\\/#organization\"},\"potentialAction\":[{\"@type\":\"SearchAction\",\"target\":{\"@type\":\"EntryPoint\",\"urlTemplate\":\"https:\\\/\\\/www.kansascommerce.gov\\\/?s={search_term_string}\"},\"query-input\":{\"@type\":\"PropertyValueSpecification\",\"valueRequired\":true,\"valueName\":\"search_term_string\"}}],\"inLanguage\":\"es\"},{\"@type\":\"Organization\",\"@id\":\"https:\\\/\\\/www.kansascommerce.gov\\\/#organization\",\"name\":\"Kansas Department of Commerce\",\"url\":\"https:\\\/\\\/www.kansascommerce.gov\\\/\",\"logo\":{\"@type\":\"ImageObject\",\"inLanguage\":\"es\",\"@id\":\"https:\\\/\\\/www.kansascommerce.gov\\\/#\\\/schema\\\/logo\\\/image\\\/\",\"url\":\"https:\\\/\\\/www.kansascommerce.gov\\\/wp-content\\\/uploads\\\/2020\\\/07\\\/kdc_logo.png\",\"contentUrl\":\"https:\\\/\\\/www.kansascommerce.gov\\\/wp-content\\\/uploads\\\/2020\\\/07\\\/kdc_logo.png\",\"width\":600,\"height\":347,\"caption\":\"Kansas Department of Commerce\"},\"image\":{\"@id\":\"https:\\\/\\\/www.kansascommerce.gov\\\/#\\\/schema\\\/logo\\\/image\\\/\"},\"sameAs\":[\"https:\\\/\\\/www.facebook.com\\\/KansasCommerce\\\/\",\"https:\\\/\\\/x.com\\\/KansasCommerce\",\"https:\\\/\\\/www.linkedin.com\\\/company\\\/kansas-department-of-commerce\\\/\"]},{\"@type\":\"Person\",\"@id\":\"https:\\\/\\\/www.kansascommerce.gov\\\/#\\\/schema\\\/person\\\/927727769893127e3690414f40759c57\",\"name\":\"Abby Payne\",\"image\":{\"@type\":\"ImageObject\",\"inLanguage\":\"es\",\"@id\":\"https:\\\/\\\/secure.gravatar.com\\\/avatar\\\/9940541491837f80191c32b38f108e57eed09866c4b3b668c17ec8fe9a8eec1a?s=96&d=mm&r=g\",\"url\":\"https:\\\/\\\/secure.gravatar.com\\\/avatar\\\/9940541491837f80191c32b38f108e57eed09866c4b3b668c17ec8fe9a8eec1a?s=96&d=mm&r=g\",\"contentUrl\":\"https:\\\/\\\/secure.gravatar.com\\\/avatar\\\/9940541491837f80191c32b38f108e57eed09866c4b3b668c17ec8fe9a8eec1a?s=96&d=mm&r=g\",\"caption\":\"Abby Payne\"},\"url\":\"https:\\\/\\\/www.kansascommerce.gov\\\/es\\\/author\\\/abby-payne\\\/\"}]}<\/script>\n<!-- \/ Yoast SEO plugin. -->","yoast_head_json":{"title":"Governor Kelly Announces Nearly $15M Available to Connect Kansans to Digital Devices and Public Wi-Fi - Kansas Department of Commerce","robots":{"index":"index","follow":"follow","max-snippet":"max-snippet:-1","max-image-preview":"max-image-preview:large","max-video-preview":"max-video-preview:-1"},"canonical":"https:\/\/www.kansascommerce.gov\/es\/2023\/11\/governor-kelly-announces-nearly-15m-available-to-connect-kansans-to-digital-devices-and-public-wi-fi\/","og_locale":"es_ES","og_type":"article","og_title":"Governor Kelly Announces Nearly $15M Available to Connect Kansans to Digital Devices and Public Wi-Fi - Kansas Department of Commerce","og_description":"TOPEKA \u2013&nbsp;Governor Laura Kelly announced today that applications are open for the Advancing Digital Opportunities to Promote Technology (ADOPT) program. A total of $14.7 million in grant awards will be available to organizations addressing the ...","og_url":"https:\/\/www.kansascommerce.gov\/es\/2023\/11\/governor-kelly-announces-nearly-15m-available-to-connect-kansans-to-digital-devices-and-public-wi-fi\/","og_site_name":"Kansas Department of Commerce","article_publisher":"https:\/\/www.facebook.com\/KansasCommerce\/","article_published_time":"2023-11-30T17:40:10+00:00","article_modified_time":"2024-12-02T20:03:05+00:00","og_image":[{"width":1419,"height":742,"url":"https:\/\/www.kansascommerce.gov\/wp-content\/uploads\/2023\/11\/MicrosoftTeams-image-794.jpg","type":"image\/jpeg"}],"author":"Abby Payne","twitter_card":"summary_large_image","twitter_creator":"@KansasCommerce","twitter_site":"@KansasCommerce","twitter_misc":{"Escrito por":"Abby Payne","Tiempo de lectura":"2 minutos"},"schema":{"@context":"https:\/\/schema.org","@graph":[{"@type":"Article","@id":"https:\/\/www.kansascommerce.gov\/2023\/11\/governor-kelly-announces-nearly-15m-available-to-connect-kansans-to-digital-devices-and-public-wi-fi\/#article","isPartOf":{"@id":"https:\/\/www.kansascommerce.gov\/2023\/11\/governor-kelly-announces-nearly-15m-available-to-connect-kansans-to-digital-devices-and-public-wi-fi\/"},"author":{"name":"Abby Payne","@id":"https:\/\/www.kansascommerce.gov\/#\/schema\/person\/927727769893127e3690414f40759c57"},"headline":"Governor Kelly Announces Nearly $15M Available to Connect Kansans to Digital Devices and Public Wi-Fi","datePublished":"2023-11-30T17:40:10+00:00","dateModified":"2024-12-02T20:03:05+00:00","mainEntityOfPage":{"@id":"https:\/\/www.kansascommerce.gov\/2023\/11\/governor-kelly-announces-nearly-15m-available-to-connect-kansans-to-digital-devices-and-public-wi-fi\/"},"wordCount":454,"publisher":{"@id":"https:\/\/www.kansascommerce.gov\/#organization"},"image":{"@id":"https:\/\/www.kansascommerce.gov\/2023\/11\/governor-kelly-announces-nearly-15m-available-to-connect-kansans-to-digital-devices-and-public-wi-fi\/#primaryimage"},"thumbnailUrl":"https:\/\/www.kansascommerce.gov\/wp-content\/uploads\/2023\/11\/MicrosoftTeams-image-794.jpg","articleSection":["Office of Broadband","Press Releases"],"inLanguage":"es"},{"@type":"WebPage","@id":"https:\/\/www.kansascommerce.gov\/2023\/11\/governor-kelly-announces-nearly-15m-available-to-connect-kansans-to-digital-devices-and-public-wi-fi\/","url":"https:\/\/www.kansascommerce.gov\/2023\/11\/governor-kelly-announces-nearly-15m-available-to-connect-kansans-to-digital-devices-and-public-wi-fi\/","name":"Governor Kelly Announces Nearly $15M Available to Connect Kansans to Digital Devices and Public Wi-Fi - Kansas Department of Commerce","isPartOf":{"@id":"https:\/\/www.kansascommerce.gov\/#website"},"primaryImageOfPage":{"@id":"https:\/\/www.kansascommerce.gov\/2023\/11\/governor-kelly-announces-nearly-15m-available-to-connect-kansans-to-digital-devices-and-public-wi-fi\/#primaryimage"},"image":{"@id":"https:\/\/www.kansascommerce.gov\/2023\/11\/governor-kelly-announces-nearly-15m-available-to-connect-kansans-to-digital-devices-and-public-wi-fi\/#primaryimage"},"thumbnailUrl":"https:\/\/www.kansascommerce.gov\/wp-content\/uploads\/2023\/11\/MicrosoftTeams-image-794.jpg","datePublished":"2023-11-30T17:40:10+00:00","dateModified":"2024-12-02T20:03:05+00:00","breadcrumb":{"@id":"https:\/\/www.kansascommerce.gov\/2023\/11\/governor-kelly-announces-nearly-15m-available-to-connect-kansans-to-digital-devices-and-public-wi-fi\/#breadcrumb"},"inLanguage":"es","potentialAction":[{"@type":"ReadAction","target":["https:\/\/www.kansascommerce.gov\/2023\/11\/governor-kelly-announces-nearly-15m-available-to-connect-kansans-to-digital-devices-and-public-wi-fi\/"]}]},{"@type":"ImageObject","inLanguage":"es","@id":"https:\/\/www.kansascommerce.gov\/2023\/11\/governor-kelly-announces-nearly-15m-available-to-connect-kansans-to-digital-devices-and-public-wi-fi\/#primaryimage","url":"https:\/\/www.kansascommerce.gov\/wp-content\/uploads\/2023\/11\/MicrosoftTeams-image-794.jpg","contentUrl":"https:\/\/www.kansascommerce.gov\/wp-content\/uploads\/2023\/11\/MicrosoftTeams-image-794.jpg","width":1419,"height":742},{"@type":"BreadcrumbList","@id":"https:\/\/www.kansascommerce.gov\/2023\/11\/governor-kelly-announces-nearly-15m-available-to-connect-kansans-to-digital-devices-and-public-wi-fi\/#breadcrumb","itemListElement":[{"@type":"ListItem","position":1,"name":"Home","item":"https:\/\/www.kansascommerce.gov\/"},{"@type":"ListItem","position":2,"name":"Governor Kelly Announces Nearly $15M Available to Connect Kansans to Digital Devices and Public Wi-Fi"}]},{"@type":"WebSite","@id":"https:\/\/www.kansascommerce.gov\/#website","url":"https:\/\/www.kansascommerce.gov\/","name":"Departamento de Comercio de Kansas","description":"Fomentar la prosperidad","publisher":{"@id":"https:\/\/www.kansascommerce.gov\/#organization"},"potentialAction":[{"@type":"SearchAction","target":{"@type":"EntryPoint","urlTemplate":"https:\/\/www.kansascommerce.gov\/?s={search_term_string}"},"query-input":{"@type":"PropertyValueSpecification","valueRequired":true,"valueName":"search_term_string"}}],"inLanguage":"es"},{"@type":"Organization","@id":"https:\/\/www.kansascommerce.gov\/#organization","name":"Departamento de Comercio de Kansas","url":"https:\/\/www.kansascommerce.gov\/","logo":{"@type":"ImageObject","inLanguage":"es","@id":"https:\/\/www.kansascommerce.gov\/#\/schema\/logo\/image\/","url":"https:\/\/www.kansascommerce.gov\/wp-content\/uploads\/2020\/07\/kdc_logo.png","contentUrl":"https:\/\/www.kansascommerce.gov\/wp-content\/uploads\/2020\/07\/kdc_logo.png","width":600,"height":347,"caption":"Kansas Department of Commerce"},"image":{"@id":"https:\/\/www.kansascommerce.gov\/#\/schema\/logo\/image\/"},"sameAs":["https:\/\/www.facebook.com\/KansasCommerce\/","https:\/\/x.com\/KansasCommerce","https:\/\/www.linkedin.com\/company\/kansas-department-of-commerce\/"]},{"@type":"Person","@id":"https:\/\/www.kansascommerce.gov\/#\/schema\/person\/927727769893127e3690414f40759c57","name":"Abby Payne","image":{"@type":"ImageObject","inLanguage":"es","@id":"https:\/\/secure.gravatar.com\/avatar\/9940541491837f80191c32b38f108e57eed09866c4b3b668c17ec8fe9a8eec1a?s=96&d=mm&r=g","url":"https:\/\/secure.gravatar.com\/avatar\/9940541491837f80191c32b38f108e57eed09866c4b3b668c17ec8fe9a8eec1a?s=96&d=mm&r=g","contentUrl":"https:\/\/secure.gravatar.com\/avatar\/9940541491837f80191c32b38f108e57eed09866c4b3b668c17ec8fe9a8eec1a?s=96&d=mm&r=g","caption":"Abby Payne"},"url":"https:\/\/www.kansascommerce.gov\/es\/author\/abby-payne\/"}]}},"publishpress_future_action":{"enabled":false,"date":"2026-09-08 10:10:53","action":"change-status","newStatus":"draft","terms":[],"taxonomy":"category","extraData":[]},"publishpress_future_workflow_manual_trigger":{"enabledWorkflows":[]},"_links":{"self":[{"href":"https:\/\/www.kansascommerce.gov\/es\/wp-json\/wp\/v2\/posts\/57728","targetHints":{"allow":["GET"]}}],"collection":[{"href":"https:\/\/www.kansascommerce.gov\/es\/wp-json\/wp\/v2\/posts"}],"about":[{"href":"https:\/\/www.kansascommerce.gov\/es\/wp-json\/wp\/v2\/types\/post"}],"author":[{"embeddable":true,"href":"https:\/\/www.kansascommerce.gov\/es\/wp-json\/wp\/v2\/users\/131"}],"replies":[{"embeddable":true,"href":"https:\/\/www.kansascommerce.gov\/es\/wp-json\/wp\/v2\/comments?post=57728"}],"version-history":[{"count":0,"href":"https:\/\/www.kansascommerce.gov\/es\/wp-json\/wp\/v2\/posts\/57728\/revisions"}],"wp:featuredmedia":[{"embeddable":true,"href":"https:\/\/www.kansascommerce.gov\/es\/wp-json\/wp\/v2\/media\/57729"}],"wp:attachment":[{"href":"https:\/\/www.kansascommerce.gov\/es\/wp-json\/wp\/v2\/media?parent=57728"}],"wp:term":[{"taxonomy":"category","embeddable":true,"href":"https:\/\/www.kansascommerce.gov\/es\/wp-json\/wp\/v2\/categories?post=57728"},{"taxonomy":"post_tag","embeddable":true,"href":"https:\/\/www.kansascommerce.gov\/es\/wp-json\/wp\/v2\/tags?post=57728"}],"curies":[{"name":"wp","href":"https:\/\/api.w.org\/{rel}","templated":true}]}}