{"id":74522,"date":"2025-05-06T16:47:41","date_gmt":"2025-05-06T21:47:41","guid":{"rendered":"https:\/\/www.kansascommerce.gov\/?p=74522"},"modified":"2025-05-06T16:47:43","modified_gmt":"2025-05-06T21:47:43","slug":"commerce-opens-nominations-for-2025-to-the-stars-kansas-business-awards","status":"publish","type":"post","link":"https:\/\/www.kansascommerce.gov\/es\/2025\/05\/commerce-opens-nominations-for-2025-to-the-stars-kansas-business-awards\/","title":{"rendered":"Commerce Opens Nominations for 2025 To The Stars: Kansas Business Awards"},"content":{"rendered":"<div class=\"wp-block-image\">\n<figure class=\"aligncenter size-large\"><img fetchpriority=\"high\" decoding=\"async\" width=\"1024\" height=\"683\" src=\"https:\/\/www.kansascommerce.gov\/wp-content\/uploads\/2025\/05\/DSC02682-Enhanced-NR-1024x683.jpg\" alt=\"\" class=\"wp-image-74523\" srcset=\"https:\/\/www.kansascommerce.gov\/wp-content\/uploads\/2025\/05\/DSC02682-Enhanced-NR-1024x683.jpg 1024w, https:\/\/www.kansascommerce.gov\/wp-content\/uploads\/2025\/05\/DSC02682-Enhanced-NR-300x200.jpg 300w, https:\/\/www.kansascommerce.gov\/wp-content\/uploads\/2025\/05\/DSC02682-Enhanced-NR-768x512.jpg 768w, https:\/\/www.kansascommerce.gov\/wp-content\/uploads\/2025\/05\/DSC02682-Enhanced-NR-1536x1024.jpg 1536w, https:\/\/www.kansascommerce.gov\/wp-content\/uploads\/2025\/05\/DSC02682-Enhanced-NR-2048x1366.jpg 2048w, https:\/\/www.kansascommerce.gov\/wp-content\/uploads\/2025\/05\/DSC02682-Enhanced-NR-18x12.jpg 18w\" sizes=\"(max-width: 1024px) 100vw, 1024px\" \/><\/figure>\n<\/div>\n\n\n<p class=\"wp-block-paragraph\">Lieutenant Governor and Secretary of Commerce David Toland today announced the Kansas Department of Commerce is accepting nominations for the 2025 <em>A las estrellas: Premios Empresariales de Kansas<\/em>. The increasingly popular annual award program recognizes companies and individuals around the state for the positive impact they make on the Kansas economy and their communities.<\/p>\n\n\n\n<p class=\"wp-block-paragraph\"><\/p>\n\n\n\n<p class=\"wp-block-paragraph\">During the event, Commerce also will announce the prestigious Governor\u2019s Award of Excellence, the 2025 Governor\u2019s Exporter of the Year, and the two newest inductees of the Kansas Business Hall of Fame.<\/p>\n\n\n\n<p class=\"wp-block-paragraph\">Este a\u00f1o <em>A las estrellas: Premios Empresariales de Kansas<\/em> ceremony will be held this fall, bringing together leaders, innovators and supporters from across the state to celebrate business excellence. The awards also underscore Kansas\u2019 commitment to celebrating and supporting businesses at every stage of growth. The day and location of the event will be announced soon.<\/p>\n\n\n\n<p class=\"wp-block-paragraph\"><\/p>\n\n\n\n<p class=\"wp-block-paragraph\">\u201cEach year, our <em>A las estrellas<\/em> honorees exemplify the vision, passion and drive needed to excel in business and have a lasting impact,\u201d <strong>El Vicegobernador y Secretario de Comercio, David Toland, declar\u00f3<\/strong>. \u201cThey go the extra mile for their customers and communities \u2014 and it\u2019s an honor to recognize all they do for the Kansas economy. I encourage everyone to nominate their local stars for these distinguished awards.\u201d<\/p>\n\n\n\n<p class=\"wp-block-paragraph\"><\/p>\n\n\n\n<p class=\"wp-block-paragraph\">Companies, organizations and individuals can be nominated in the following award categories:<\/p>\n\n\n\n<ul class=\"wp-block-list\">\n<li><strong>Agronegocios <\/strong>- Empresas que destacan en la industria agroalimentaria: producci\u00f3n, productos y servicios agr\u00edcolas, y agroturismo.<\/li>\n\n\n\n<li><strong>Apprenticeship Champion<\/strong>\u00a0- Empresas y otras entidades que destacan por ofrecer programas de aprendizaje registrados en Kansas<\/li>\n\n\n\n<li><strong>Innovaci\u00f3n empresarial<\/strong>\u00a0- Empresas de cualquier sector que incorporen tecnolog\u00edas innovadoras a su negocio<\/li>\n\n\n\n<li><strong>Sanidad\/Sin \u00e1nimo de lucro<\/strong>\u00a0- Servicios destacados prestados por centros sanitarios u organizaciones sin \u00e1nimo de lucro<\/li>\n\n\n\n<li><strong>Main Street Momentum<\/strong> \u2013 Businesses revitalizing main streets or neighborhood commercial districts through growth or engagement<\/li>\n\n\n\n<li><strong>Fabricaci\u00f3n\/Distribuci\u00f3n<\/strong>\u00a0- Logro destacado para empresas de todos los tama\u00f1os dedicadas a la fabricaci\u00f3n y distribuci\u00f3n<\/li>\n\n\n\n<li><strong>Talentos no tradicionales<\/strong>\u00a0- Empresas que han ido m\u00e1s all\u00e1 para contratar a personas con antecedentes penales, j\u00f3venes, mayores o discapacitados.<\/li>\n\n\n\n<li><strong>Comercio\/Servicios<\/strong>\u00a0- Resultados excepcionales de las empresas que venden bienes, productos o servicios<\/li>\n\n\n\n<li><strong>Small Business Champion \u2013 Corporate Partner Award<\/strong> (state-level only) \u2013 Honors a corporation that has demonstrated exceptional commitment to small business growth in Kansas through investment and partnerships<\/li>\n\n\n\n<li><strong>Under 30 Entrepreneur<\/strong>\u00a0- J\u00f3venes empresarios menores de 30 a\u00f1os que alcanzan el \u00e9xito empresarial<\/li>\n\n\n\n<li><strong>Bienvenido de nuevo<\/strong>\u00a0- Emprendedores y empresarios que abandonaron Kansas pero han regresado para dejar su huella en el Estado del Girasol.<\/li>\n<\/ul>\n\n\n\n<p class=\"wp-block-paragraph\">\u201cDuring the past year, the surge of economic development successes driving the Kansas economy continued unabated,\u201d <strong>Deputy Secretary of Business Development Joshua Jefferson said<\/strong>. \u201cKansas businesses both small and large are giving outsized contributions to their communities and the entire state. We look forward to highlighting the efforts these honorees make.\u201d <\/p>\n\n\n\n<p class=\"wp-block-paragraph\"><\/p>\n\n\n\n<p class=\"wp-block-paragraph\">Award nominations will be accepted until July 7. To learn more, view past winners, and to submit nominations, click <a href=\"https:\/\/gcc02.safelinks.protection.outlook.com\/?url=https%3A%2F%2Flinks-2.govdelivery.com%2FCL0%2Fhttps%3A%252F%252Fwww.kansascommerce.gov%252Ftothestars%252F%2F1%2F01010196a7534d5f-a4360819-fe84-41b6-abb8-a6d644c44426-000000%2Fexx0e_Q_tzjyYyrjX9h16iI7gdGzd8sC7vd8Zyw0dy0%3D403&amp;data=05%7C02%7CTheo.Stavropoulos%40ks.gov%7C3f01d8aa0e3f4b7258cf08dd8cde1e5c%7Cdcae8101c92d480cbc43c6761ccccc5a%7C0%7C0%7C638821607819397181%7CUnknown%7CTWFpbGZsb3d8eyJFbXB0eU1hcGkiOnRydWUsIlYiOiIwLjAuMDAwMCIsIlAiOiJXaW4zMiIsIkFOIjoiTWFpbCIsIldUIjoyfQ%3D%3D%7C0%7C%7C%7C&amp;sdata=gX6cLCb9CNKOiZhya7edH2X3Wlx35E%2FxbZ8YSkj8u4c%3D&amp;reserved=0\">aqu\u00ed<\/a>.<\/p>","protected":false},"excerpt":{"rendered":"<p>Lieutenant Governor and Secretary of Commerce David Toland today announced the Kansas Department of Commerce is accepting nominations for the 2025 To The Stars: Kansas Business Awards. The increasingly popular annual award program recognizes companies &#8230; <\/p>","protected":false},"author":20,"featured_media":74524,"comment_status":"closed","ping_status":"closed","sticky":false,"template":"","format":"standard","meta":{"_acf_changed":false,"_eb_attr":"","_monsterinsights_skip_tracking":false,"footnotes":"","_members_access_role":[],"_members_access_error":""},"categories":[11],"tags":[],"class_list":["post-74522","post","type-post","status-publish","format-standard","has-post-thumbnail","hentry","category-press-releases"],"acf":[],"yoast_head":"<!-- This site is optimized with the Yoast SEO plugin v28.3 - https:\/\/yoast.com\/product\/yoast-seo-wordpress\/ -->\n<title>Commerce Opens Nominations for 2025 To The Stars: Kansas Business Awards - Kansas Department of Commerce<\/title>\n<meta name=\"robots\" content=\"index, follow, max-snippet:-1, max-image-preview:large, max-video-preview:-1\" \/>\n<link rel=\"canonical\" href=\"https:\/\/www.kansascommerce.gov\/es\/2025\/05\/commerce-opens-nominations-for-2025-to-the-stars-kansas-business-awards\/\" \/>\n<meta property=\"og:locale\" content=\"es_ES\" \/>\n<meta property=\"og:type\" content=\"article\" \/>\n<meta property=\"og:title\" content=\"Commerce Opens Nominations for 2025 To The Stars: Kansas Business Awards - Kansas Department of Commerce\" \/>\n<meta property=\"og:description\" content=\"Lieutenant Governor and Secretary of Commerce David Toland today announced the Kansas Department of Commerce is accepting nominations for the 2025 To The Stars: Kansas Business Awards. The increasingly popular annual award program recognizes companies ...\" \/>\n<meta property=\"og:url\" content=\"https:\/\/www.kansascommerce.gov\/es\/2025\/05\/commerce-opens-nominations-for-2025-to-the-stars-kansas-business-awards\/\" \/>\n<meta property=\"og:site_name\" content=\"Kansas Department of Commerce\" \/>\n<meta property=\"article:publisher\" content=\"https:\/\/www.facebook.com\/KansasCommerce\/\" \/>\n<meta property=\"article:published_time\" content=\"2025-05-06T21:47:41+00:00\" \/>\n<meta property=\"article:modified_time\" content=\"2025-05-06T21:47:43+00:00\" \/>\n<meta property=\"og:image\" content=\"https:\/\/www.kansascommerce.gov\/wp-content\/uploads\/2025\/05\/TTS-Release.jpg\" \/>\n\t<meta property=\"og:image:width\" content=\"1200\" \/>\n\t<meta property=\"og:image:height\" content=\"630\" \/>\n\t<meta property=\"og:image:type\" content=\"image\/jpeg\" \/>\n<meta name=\"author\" content=\"Theo Stavropoulos\" \/>\n<meta name=\"twitter:card\" content=\"summary_large_image\" \/>\n<meta name=\"twitter:creator\" content=\"@KansasCommerce\" \/>\n<meta name=\"twitter:site\" content=\"@KansasCommerce\" \/>\n<meta name=\"twitter:label1\" content=\"Escrito por\" \/>\n\t<meta name=\"twitter:data1\" content=\"Theo Stavropoulos\" \/>\n\t<meta name=\"twitter:label2\" content=\"Tiempo de lectura\" \/>\n\t<meta name=\"twitter:data2\" content=\"2 minutos\" \/>\n<script type=\"application\/ld+json\" class=\"yoast-schema-graph\">{\"@context\":\"https:\\\/\\\/schema.org\",\"@graph\":[{\"@type\":\"Article\",\"@id\":\"https:\\\/\\\/www.kansascommerce.gov\\\/2025\\\/05\\\/commerce-opens-nominations-for-2025-to-the-stars-kansas-business-awards\\\/#article\",\"isPartOf\":{\"@id\":\"https:\\\/\\\/www.kansascommerce.gov\\\/2025\\\/05\\\/commerce-opens-nominations-for-2025-to-the-stars-kansas-business-awards\\\/\"},\"author\":{\"name\":\"Theo Stavropoulos\",\"@id\":\"https:\\\/\\\/www.kansascommerce.gov\\\/#\\\/schema\\\/person\\\/b431e3dce31b0a58fd4b15a0e69821bb\"},\"headline\":\"Commerce Opens Nominations for 2025 To The Stars: Kansas Business Awards\",\"datePublished\":\"2025-05-06T21:47:41+00:00\",\"dateModified\":\"2025-05-06T21:47:43+00:00\",\"mainEntityOfPage\":{\"@id\":\"https:\\\/\\\/www.kansascommerce.gov\\\/2025\\\/05\\\/commerce-opens-nominations-for-2025-to-the-stars-kansas-business-awards\\\/\"},\"wordCount\":482,\"publisher\":{\"@id\":\"https:\\\/\\\/www.kansascommerce.gov\\\/#organization\"},\"image\":{\"@id\":\"https:\\\/\\\/www.kansascommerce.gov\\\/2025\\\/05\\\/commerce-opens-nominations-for-2025-to-the-stars-kansas-business-awards\\\/#primaryimage\"},\"thumbnailUrl\":\"https:\\\/\\\/www.kansascommerce.gov\\\/wp-content\\\/uploads\\\/2025\\\/05\\\/TTS-Release.jpg\",\"articleSection\":[\"Press Releases\"],\"inLanguage\":\"es\"},{\"@type\":\"WebPage\",\"@id\":\"https:\\\/\\\/www.kansascommerce.gov\\\/2025\\\/05\\\/commerce-opens-nominations-for-2025-to-the-stars-kansas-business-awards\\\/\",\"url\":\"https:\\\/\\\/www.kansascommerce.gov\\\/2025\\\/05\\\/commerce-opens-nominations-for-2025-to-the-stars-kansas-business-awards\\\/\",\"name\":\"Commerce Opens Nominations for 2025 To The Stars: Kansas Business Awards - Kansas Department of Commerce\",\"isPartOf\":{\"@id\":\"https:\\\/\\\/www.kansascommerce.gov\\\/#website\"},\"primaryImageOfPage\":{\"@id\":\"https:\\\/\\\/www.kansascommerce.gov\\\/2025\\\/05\\\/commerce-opens-nominations-for-2025-to-the-stars-kansas-business-awards\\\/#primaryimage\"},\"image\":{\"@id\":\"https:\\\/\\\/www.kansascommerce.gov\\\/2025\\\/05\\\/commerce-opens-nominations-for-2025-to-the-stars-kansas-business-awards\\\/#primaryimage\"},\"thumbnailUrl\":\"https:\\\/\\\/www.kansascommerce.gov\\\/wp-content\\\/uploads\\\/2025\\\/05\\\/TTS-Release.jpg\",\"datePublished\":\"2025-05-06T21:47:41+00:00\",\"dateModified\":\"2025-05-06T21:47:43+00:00\",\"breadcrumb\":{\"@id\":\"https:\\\/\\\/www.kansascommerce.gov\\\/2025\\\/05\\\/commerce-opens-nominations-for-2025-to-the-stars-kansas-business-awards\\\/#breadcrumb\"},\"inLanguage\":\"es\",\"potentialAction\":[{\"@type\":\"ReadAction\",\"target\":[\"https:\\\/\\\/www.kansascommerce.gov\\\/2025\\\/05\\\/commerce-opens-nominations-for-2025-to-the-stars-kansas-business-awards\\\/\"]}]},{\"@type\":\"ImageObject\",\"inLanguage\":\"es\",\"@id\":\"https:\\\/\\\/www.kansascommerce.gov\\\/2025\\\/05\\\/commerce-opens-nominations-for-2025-to-the-stars-kansas-business-awards\\\/#primaryimage\",\"url\":\"https:\\\/\\\/www.kansascommerce.gov\\\/wp-content\\\/uploads\\\/2025\\\/05\\\/TTS-Release.jpg\",\"contentUrl\":\"https:\\\/\\\/www.kansascommerce.gov\\\/wp-content\\\/uploads\\\/2025\\\/05\\\/TTS-Release.jpg\",\"width\":1200,\"height\":630},{\"@type\":\"BreadcrumbList\",\"@id\":\"https:\\\/\\\/www.kansascommerce.gov\\\/2025\\\/05\\\/commerce-opens-nominations-for-2025-to-the-stars-kansas-business-awards\\\/#breadcrumb\",\"itemListElement\":[{\"@type\":\"ListItem\",\"position\":1,\"name\":\"Home\",\"item\":\"https:\\\/\\\/www.kansascommerce.gov\\\/\"},{\"@type\":\"ListItem\",\"position\":2,\"name\":\"Commerce Opens Nominations for 2025 To The Stars: Kansas Business Awards\"}]},{\"@type\":\"WebSite\",\"@id\":\"https:\\\/\\\/www.kansascommerce.gov\\\/#website\",\"url\":\"https:\\\/\\\/www.kansascommerce.gov\\\/\",\"name\":\"Kansas Department of Commerce\",\"description\":\"Empowering Prosperity\",\"publisher\":{\"@id\":\"https:\\\/\\\/www.kansascommerce.gov\\\/#organization\"},\"potentialAction\":[{\"@type\":\"SearchAction\",\"target\":{\"@type\":\"EntryPoint\",\"urlTemplate\":\"https:\\\/\\\/www.kansascommerce.gov\\\/?s={search_term_string}\"},\"query-input\":{\"@type\":\"PropertyValueSpecification\",\"valueRequired\":true,\"valueName\":\"search_term_string\"}}],\"inLanguage\":\"es\"},{\"@type\":\"Organization\",\"@id\":\"https:\\\/\\\/www.kansascommerce.gov\\\/#organization\",\"name\":\"Kansas Department of Commerce\",\"url\":\"https:\\\/\\\/www.kansascommerce.gov\\\/\",\"logo\":{\"@type\":\"ImageObject\",\"inLanguage\":\"es\",\"@id\":\"https:\\\/\\\/www.kansascommerce.gov\\\/#\\\/schema\\\/logo\\\/image\\\/\",\"url\":\"https:\\\/\\\/www.kansascommerce.gov\\\/wp-content\\\/uploads\\\/2020\\\/07\\\/kdc_logo.png\",\"contentUrl\":\"https:\\\/\\\/www.kansascommerce.gov\\\/wp-content\\\/uploads\\\/2020\\\/07\\\/kdc_logo.png\",\"width\":600,\"height\":347,\"caption\":\"Kansas Department of Commerce\"},\"image\":{\"@id\":\"https:\\\/\\\/www.kansascommerce.gov\\\/#\\\/schema\\\/logo\\\/image\\\/\"},\"sameAs\":[\"https:\\\/\\\/www.facebook.com\\\/KansasCommerce\\\/\",\"https:\\\/\\\/x.com\\\/KansasCommerce\",\"https:\\\/\\\/www.linkedin.com\\\/company\\\/kansas-department-of-commerce\\\/\"]},{\"@type\":\"Person\",\"@id\":\"https:\\\/\\\/www.kansascommerce.gov\\\/#\\\/schema\\\/person\\\/b431e3dce31b0a58fd4b15a0e69821bb\",\"name\":\"Theo Stavropoulos\",\"image\":{\"@type\":\"ImageObject\",\"inLanguage\":\"es\",\"@id\":\"https:\\\/\\\/secure.gravatar.com\\\/avatar\\\/5c4a05fc2e649ca3dca4008ab861a446f4d18bbef6fc9509ab5f0b5978070c14?s=96&d=mm&r=g\",\"url\":\"https:\\\/\\\/secure.gravatar.com\\\/avatar\\\/5c4a05fc2e649ca3dca4008ab861a446f4d18bbef6fc9509ab5f0b5978070c14?s=96&d=mm&r=g\",\"contentUrl\":\"https:\\\/\\\/secure.gravatar.com\\\/avatar\\\/5c4a05fc2e649ca3dca4008ab861a446f4d18bbef6fc9509ab5f0b5978070c14?s=96&d=mm&r=g\",\"caption\":\"Theo Stavropoulos\"},\"url\":\"https:\\\/\\\/www.kansascommerce.gov\\\/es\\\/author\\\/theo\\\/\"}]}<\/script>\n<!-- \/ Yoast SEO plugin. -->","yoast_head_json":{"title":"Commerce Opens Nominations for 2025 To The Stars: Kansas Business Awards - Kansas Department of Commerce","robots":{"index":"index","follow":"follow","max-snippet":"max-snippet:-1","max-image-preview":"max-image-preview:large","max-video-preview":"max-video-preview:-1"},"canonical":"https:\/\/www.kansascommerce.gov\/es\/2025\/05\/commerce-opens-nominations-for-2025-to-the-stars-kansas-business-awards\/","og_locale":"es_ES","og_type":"article","og_title":"Commerce Opens Nominations for 2025 To The Stars: Kansas Business Awards - Kansas Department of Commerce","og_description":"Lieutenant Governor and Secretary of Commerce David Toland today announced the Kansas Department of Commerce is accepting nominations for the 2025 To The Stars: Kansas Business Awards. The increasingly popular annual award program recognizes companies ...","og_url":"https:\/\/www.kansascommerce.gov\/es\/2025\/05\/commerce-opens-nominations-for-2025-to-the-stars-kansas-business-awards\/","og_site_name":"Kansas Department of Commerce","article_publisher":"https:\/\/www.facebook.com\/KansasCommerce\/","article_published_time":"2025-05-06T21:47:41+00:00","article_modified_time":"2025-05-06T21:47:43+00:00","og_image":[{"width":1200,"height":630,"url":"https:\/\/www.kansascommerce.gov\/wp-content\/uploads\/2025\/05\/TTS-Release.jpg","type":"image\/jpeg"}],"author":"Theo Stavropoulos","twitter_card":"summary_large_image","twitter_creator":"@KansasCommerce","twitter_site":"@KansasCommerce","twitter_misc":{"Escrito por":"Theo Stavropoulos","Tiempo de lectura":"2 minutos"},"schema":{"@context":"https:\/\/schema.org","@graph":[{"@type":"Article","@id":"https:\/\/www.kansascommerce.gov\/2025\/05\/commerce-opens-nominations-for-2025-to-the-stars-kansas-business-awards\/#article","isPartOf":{"@id":"https:\/\/www.kansascommerce.gov\/2025\/05\/commerce-opens-nominations-for-2025-to-the-stars-kansas-business-awards\/"},"author":{"name":"Theo Stavropoulos","@id":"https:\/\/www.kansascommerce.gov\/#\/schema\/person\/b431e3dce31b0a58fd4b15a0e69821bb"},"headline":"Commerce Opens Nominations for 2025 To The Stars: Kansas Business Awards","datePublished":"2025-05-06T21:47:41+00:00","dateModified":"2025-05-06T21:47:43+00:00","mainEntityOfPage":{"@id":"https:\/\/www.kansascommerce.gov\/2025\/05\/commerce-opens-nominations-for-2025-to-the-stars-kansas-business-awards\/"},"wordCount":482,"publisher":{"@id":"https:\/\/www.kansascommerce.gov\/#organization"},"image":{"@id":"https:\/\/www.kansascommerce.gov\/2025\/05\/commerce-opens-nominations-for-2025-to-the-stars-kansas-business-awards\/#primaryimage"},"thumbnailUrl":"https:\/\/www.kansascommerce.gov\/wp-content\/uploads\/2025\/05\/TTS-Release.jpg","articleSection":["Press Releases"],"inLanguage":"es"},{"@type":"WebPage","@id":"https:\/\/www.kansascommerce.gov\/2025\/05\/commerce-opens-nominations-for-2025-to-the-stars-kansas-business-awards\/","url":"https:\/\/www.kansascommerce.gov\/2025\/05\/commerce-opens-nominations-for-2025-to-the-stars-kansas-business-awards\/","name":"Commerce Opens Nominations for 2025 To The Stars: Kansas Business Awards - Kansas Department of Commerce","isPartOf":{"@id":"https:\/\/www.kansascommerce.gov\/#website"},"primaryImageOfPage":{"@id":"https:\/\/www.kansascommerce.gov\/2025\/05\/commerce-opens-nominations-for-2025-to-the-stars-kansas-business-awards\/#primaryimage"},"image":{"@id":"https:\/\/www.kansascommerce.gov\/2025\/05\/commerce-opens-nominations-for-2025-to-the-stars-kansas-business-awards\/#primaryimage"},"thumbnailUrl":"https:\/\/www.kansascommerce.gov\/wp-content\/uploads\/2025\/05\/TTS-Release.jpg","datePublished":"2025-05-06T21:47:41+00:00","dateModified":"2025-05-06T21:47:43+00:00","breadcrumb":{"@id":"https:\/\/www.kansascommerce.gov\/2025\/05\/commerce-opens-nominations-for-2025-to-the-stars-kansas-business-awards\/#breadcrumb"},"inLanguage":"es","potentialAction":[{"@type":"ReadAction","target":["https:\/\/www.kansascommerce.gov\/2025\/05\/commerce-opens-nominations-for-2025-to-the-stars-kansas-business-awards\/"]}]},{"@type":"ImageObject","inLanguage":"es","@id":"https:\/\/www.kansascommerce.gov\/2025\/05\/commerce-opens-nominations-for-2025-to-the-stars-kansas-business-awards\/#primaryimage","url":"https:\/\/www.kansascommerce.gov\/wp-content\/uploads\/2025\/05\/TTS-Release.jpg","contentUrl":"https:\/\/www.kansascommerce.gov\/wp-content\/uploads\/2025\/05\/TTS-Release.jpg","width":1200,"height":630},{"@type":"BreadcrumbList","@id":"https:\/\/www.kansascommerce.gov\/2025\/05\/commerce-opens-nominations-for-2025-to-the-stars-kansas-business-awards\/#breadcrumb","itemListElement":[{"@type":"ListItem","position":1,"name":"Home","item":"https:\/\/www.kansascommerce.gov\/"},{"@type":"ListItem","position":2,"name":"Commerce Opens Nominations for 2025 To The Stars: Kansas Business Awards"}]},{"@type":"WebSite","@id":"https:\/\/www.kansascommerce.gov\/#website","url":"https:\/\/www.kansascommerce.gov\/","name":"Departamento de Comercio de Kansas","description":"Fomentar la prosperidad","publisher":{"@id":"https:\/\/www.kansascommerce.gov\/#organization"},"potentialAction":[{"@type":"SearchAction","target":{"@type":"EntryPoint","urlTemplate":"https:\/\/www.kansascommerce.gov\/?s={search_term_string}"},"query-input":{"@type":"PropertyValueSpecification","valueRequired":true,"valueName":"search_term_string"}}],"inLanguage":"es"},{"@type":"Organization","@id":"https:\/\/www.kansascommerce.gov\/#organization","name":"Departamento de Comercio de Kansas","url":"https:\/\/www.kansascommerce.gov\/","logo":{"@type":"ImageObject","inLanguage":"es","@id":"https:\/\/www.kansascommerce.gov\/#\/schema\/logo\/image\/","url":"https:\/\/www.kansascommerce.gov\/wp-content\/uploads\/2020\/07\/kdc_logo.png","contentUrl":"https:\/\/www.kansascommerce.gov\/wp-content\/uploads\/2020\/07\/kdc_logo.png","width":600,"height":347,"caption":"Kansas Department of Commerce"},"image":{"@id":"https:\/\/www.kansascommerce.gov\/#\/schema\/logo\/image\/"},"sameAs":["https:\/\/www.facebook.com\/KansasCommerce\/","https:\/\/x.com\/KansasCommerce","https:\/\/www.linkedin.com\/company\/kansas-department-of-commerce\/"]},{"@type":"Person","@id":"https:\/\/www.kansascommerce.gov\/#\/schema\/person\/b431e3dce31b0a58fd4b15a0e69821bb","name":"Theo Stavropoulos","image":{"@type":"ImageObject","inLanguage":"es","@id":"https:\/\/secure.gravatar.com\/avatar\/5c4a05fc2e649ca3dca4008ab861a446f4d18bbef6fc9509ab5f0b5978070c14?s=96&d=mm&r=g","url":"https:\/\/secure.gravatar.com\/avatar\/5c4a05fc2e649ca3dca4008ab861a446f4d18bbef6fc9509ab5f0b5978070c14?s=96&d=mm&r=g","contentUrl":"https:\/\/secure.gravatar.com\/avatar\/5c4a05fc2e649ca3dca4008ab861a446f4d18bbef6fc9509ab5f0b5978070c14?s=96&d=mm&r=g","caption":"Theo Stavropoulos"},"url":"https:\/\/www.kansascommerce.gov\/es\/author\/theo\/"}]}},"publishpress_future_action":{"enabled":false,"date":"2026-09-08 02:57:37","action":"change-status","newStatus":"draft","terms":[],"taxonomy":"category","extraData":[]},"publishpress_future_workflow_manual_trigger":{"enabledWorkflows":[]},"_links":{"self":[{"href":"https:\/\/www.kansascommerce.gov\/es\/wp-json\/wp\/v2\/posts\/74522","targetHints":{"allow":["GET"]}}],"collection":[{"href":"https:\/\/www.kansascommerce.gov\/es\/wp-json\/wp\/v2\/posts"}],"about":[{"href":"https:\/\/www.kansascommerce.gov\/es\/wp-json\/wp\/v2\/types\/post"}],"author":[{"embeddable":true,"href":"https:\/\/www.kansascommerce.gov\/es\/wp-json\/wp\/v2\/users\/20"}],"replies":[{"embeddable":true,"href":"https:\/\/www.kansascommerce.gov\/es\/wp-json\/wp\/v2\/comments?post=74522"}],"version-history":[{"count":0,"href":"https:\/\/www.kansascommerce.gov\/es\/wp-json\/wp\/v2\/posts\/74522\/revisions"}],"wp:featuredmedia":[{"embeddable":true,"href":"https:\/\/www.kansascommerce.gov\/es\/wp-json\/wp\/v2\/media\/74524"}],"wp:attachment":[{"href":"https:\/\/www.kansascommerce.gov\/es\/wp-json\/wp\/v2\/media?parent=74522"}],"wp:term":[{"taxonomy":"category","embeddable":true,"href":"https:\/\/www.kansascommerce.gov\/es\/wp-json\/wp\/v2\/categories?post=74522"},{"taxonomy":"post_tag","embeddable":true,"href":"https:\/\/www.kansascommerce.gov\/es\/wp-json\/wp\/v2\/tags?post=74522"}],"curies":[{"name":"wp","href":"https:\/\/api.w.org\/{rel}","templated":true}]}}