{"id":979,"date":"2019-07-10T20:48:21","date_gmt":"2019-07-10T20:48:21","guid":{"rendered":"https:\/\/www.ruralkanprosper.ks.gov\/lt-gov-visits-area-and-holds-summit-on-rural-prosperity\/"},"modified":"2024-11-26T15:50:21","modified_gmt":"2024-11-26T20:50:21","slug":"lt-gov-visits-area-and-holds-summit-on-rural-prosperity","status":"publish","type":"post","link":"https:\/\/www.kansascommerce.gov\/es\/2019\/07\/lt-gov-visits-area-and-holds-summit-on-rural-prosperity\/","title":{"rendered":"El Vicegobernador visita la zona y celebra una cumbre sobre prosperidad rural"},"content":{"rendered":"<p class=\"wp-block-paragraph\">Unos 70 residentes de la zona se reunieron el lunes por la noche en el Winfield Community Center de Baden Square, en Winfield, para definir la prosperidad, qu\u00e9 se est\u00e1 haciendo bien para fomentarla y qu\u00e9 obstaculiza esa prosperidad en sus comunidades.<\/p>\n\n\n\n<p class=\"wp-block-paragraph\">Entre los presentes, hab\u00eda una confluencia de opiniones en cada una de esas categor\u00edas. La multitud estaba respondiendo a la llamada de la Vicegobernadora Lynn Rogers, que est\u00e1 llevando a cabo una gira de escucha por 12 ciudades de las comunidades rurales de Kansas para averiguar lo que los residentes piensan que el gobierno del estado puede hacer para ayudar a las zonas rurales del estado a prosperar.<\/p>\n\n\n\n<p class=\"wp-block-paragraph\">Rogers, junto con Sarah Werner, directora general de la C\u00e1mara de Comercio de la zona de Winfield, y Kerri Falletti, directora de Cowley First, hab\u00edan pasado el d\u00eda recorriendo ciudades del condado de Cowley y visitando a personas de diferentes empresas e industrias.<\/p>\n\n\n\n<p class=\"wp-block-paragraph\">Los asistentes proced\u00edan de comunidades tan al oeste como Wellington y tan al este como Independence. Varios legisladores, tanto actuales como anteriores, estuvieron presentes.<\/p>\n\n\n\n<p class=\"wp-block-paragraph\">Rogers present\u00f3 el ejercicio que ocup\u00f3 la mayor parte de la reuni\u00f3n y, a continuaci\u00f3n, los asistentes se dividieron en grupos seg\u00fan los puntos de color de sus etiquetas identificativas.<\/p>\n\n\n\n<p class=\"wp-block-paragraph\">Cada grupo estaba dirigido por alguien de entre los organizadores de la gira.<\/p>\n\n\n\n<p class=\"wp-block-paragraph\">Se pidi\u00f3 a los grupos que enumeraran sus respuestas a las tres preguntas sobre la prosperidad, lo bueno de la zona y lo que la obstaculiza. Tambi\u00e9n se les pidi\u00f3 que eligieran los elementos m\u00e1s importantes de cada categor\u00eda.<\/p>\n\n\n\n<p class=\"wp-block-paragraph\">Rogers dijo que su Oficina de Prosperidad Rural recoger\u00e1 las respuestas y determinar\u00e1 qu\u00e9 puede hacerse para facilitar los cambios necesarios para mejorar la vida rural.<\/p>\n\n\n\n<p class=\"wp-block-paragraph\">Una mujer, Tabatha Rosproy, maestra principal de Cumbernauld Little Vikings, dijo que para ella la prosperidad significa que cada persona tiene que prosperar.<\/p>\n\n\n\n<p class=\"wp-block-paragraph\">Algunos de los elementos que contribuyen a la prosperidad de la zona son: una comunidad unida en su voluntad de voluntariado; buenas escuelas p\u00fablicas; buenas infraestructuras (carreteras que te llevan r\u00e1pidamente a donde quieres ir); antepasados ilustrados en Winfield que desarrollaron servicios p\u00fablicos propiedad de la ciudad; dos colegios que contribuyen a la cultura de la zona, as\u00ed como a la educaci\u00f3n; acceso a una atenci\u00f3n sanitaria de calidad, especialmente en Winfield; zonas c\u00e9ntricas vibrantes; una s\u00f3lida base industrial.<\/p>\n\n\n\n<p class=\"wp-block-paragraph\">Lo que se podr\u00eda hacer mejor incluye: Ampliaci\u00f3n de Medicaid para que m\u00e1s gente tenga acceso a la sanidad; mejores respuestas de los pol\u00edticos a las necesidades y peticiones de la gente; viviendas mejores y m\u00e1s asequibles; hacer frente al problema de las drogas; guarder\u00edas asequibles; eliminar el impuesto sobre las ventas de alimentos; educaci\u00f3n infantil para todos; mejores salarios, un salario digno real; limpiar los barrios degradados de la ciudad; mejor acceso a Internet de banda ancha.<\/p>\n\n\n\n<p class=\"wp-block-paragraph\">Se pidi\u00f3 a los asistentes que calificaran lo que consideraban m\u00e1s importante que deb\u00eda abordarse y coincidieron en que Topeka y los partidos pol\u00edticos deb\u00edan responder mejor a sus necesidades.<\/p>\n\n\n\n<p class=\"wp-block-paragraph\">La oficina del Vicegobernador enviar\u00e1 informes de lo que hayan encontrado en las visitas cuando hayan concluido.<\/p>\n\n\n\n<p class=\"wp-block-paragraph\">Contenido recuperado de: <a href=\"http:\/\/www.ctnewsonline.com\/news\/article_d74f07de-a2ab-11e9-a657-d32c1f601dd9.html\" target=\"_blank\" rel=\"noreferrer noopener\">http:\/\/www.ctnewsonline.com\/news\/article_d74f07de-a2ab-11e9-a657-d32c1f601dd9.html<\/a>.<\/p>","protected":false},"excerpt":{"rendered":"<p>About 70 area residents gathered at the Winfield Community Center at Baden Square in Winfield Monday night to define prosperity, what is being done right to encourage prosperity and what is standing in the way of that prosperity in their communities. Among those present, there was a confluence of opinion in each of those categories. [&#8230;]<\/p>\n","protected":false},"author":75,"featured_media":0,"comment_status":"closed","ping_status":"closed","sticky":false,"template":"","format":"standard","meta":{"_acf_changed":false,"_eb_attr":"","_monsterinsights_skip_tracking":false,"footnotes":"","_members_access_role":[],"_members_access_error":""},"categories":[927,11],"tags":[],"class_list":["post-979","post","type-post","status-publish","format-standard","hentry","category-office-of-rural-prosperity","category-press-releases"],"acf":[],"yoast_head":"<!-- This site is optimized with the Yoast SEO plugin v28.3 - https:\/\/yoast.com\/product\/yoast-seo-wordpress\/ -->\n<title>Lt. gov. visits area and holds summit on rural prosperity - Kansas Department of Commerce<\/title>\n<meta name=\"robots\" content=\"index, follow, max-snippet:-1, max-image-preview:large, max-video-preview:-1\" \/>\n<link rel=\"canonical\" href=\"https:\/\/www.kansascommerce.gov\/es\/2019\/07\/lt-gov-visits-area-and-holds-summit-on-rural-prosperity\/\" \/>\n<meta property=\"og:locale\" content=\"es_ES\" \/>\n<meta property=\"og:type\" content=\"article\" \/>\n<meta property=\"og:title\" content=\"Lt. gov. visits area and holds summit on rural prosperity - Kansas Department of Commerce\" \/>\n<meta property=\"og:description\" content=\"About 70 area residents gathered at the Winfield Community Center at Baden Square in Winfield Monday night to define prosperity, what is being done right to encourage prosperity and what is standing in the way of that prosperity in their communities. Among those present, there was a confluence of opinion in each of those categories. [...]\" \/>\n<meta property=\"og:url\" content=\"https:\/\/www.kansascommerce.gov\/es\/2019\/07\/lt-gov-visits-area-and-holds-summit-on-rural-prosperity\/\" \/>\n<meta property=\"og:site_name\" content=\"Kansas Department of Commerce\" \/>\n<meta property=\"article:publisher\" content=\"https:\/\/www.facebook.com\/KansasCommerce\/\" \/>\n<meta property=\"article:published_time\" content=\"2019-07-10T20:48:21+00:00\" \/>\n<meta property=\"article:modified_time\" content=\"2024-11-26T20:50:21+00:00\" \/>\n<meta property=\"og:image\" content=\"https:\/\/www.kansascommerce.gov\/wp-content\/uploads\/2020\/09\/KDC_OG-MEta.jpg\" \/>\n\t<meta property=\"og:image:width\" content=\"1200\" \/>\n\t<meta property=\"og:image:height\" content=\"630\" \/>\n\t<meta property=\"og:image:type\" content=\"image\/jpeg\" \/>\n<meta name=\"author\" content=\"becca flesher\" \/>\n<meta name=\"twitter:card\" content=\"summary_large_image\" \/>\n<meta name=\"twitter:creator\" content=\"@KansasCommerce\" \/>\n<meta name=\"twitter:site\" content=\"@KansasCommerce\" \/>\n<meta name=\"twitter:label1\" content=\"Escrito por\" \/>\n\t<meta name=\"twitter:data1\" content=\"becca flesher\" \/>\n\t<meta name=\"twitter:label2\" content=\"Tiempo de lectura\" \/>\n\t<meta name=\"twitter:data2\" content=\"3 minutos\" \/>\n<script type=\"application\/ld+json\" class=\"yoast-schema-graph\">{\"@context\":\"https:\\\/\\\/schema.org\",\"@graph\":[{\"@type\":\"Article\",\"@id\":\"https:\\\/\\\/www.kansascommerce.gov\\\/2019\\\/07\\\/lt-gov-visits-area-and-holds-summit-on-rural-prosperity\\\/#article\",\"isPartOf\":{\"@id\":\"https:\\\/\\\/www.kansascommerce.gov\\\/2019\\\/07\\\/lt-gov-visits-area-and-holds-summit-on-rural-prosperity\\\/\"},\"author\":{\"name\":\"becca flesher\",\"@id\":\"https:\\\/\\\/www.kansascommerce.gov\\\/#\\\/schema\\\/person\\\/0d9a9d27428afa935d9a5de01b81e006\"},\"headline\":\"Lt. gov. visits area and holds summit on rural prosperity\",\"datePublished\":\"2019-07-10T20:48:21+00:00\",\"dateModified\":\"2024-11-26T20:50:21+00:00\",\"mainEntityOfPage\":{\"@id\":\"https:\\\/\\\/www.kansascommerce.gov\\\/2019\\\/07\\\/lt-gov-visits-area-and-holds-summit-on-rural-prosperity\\\/\"},\"wordCount\":504,\"publisher\":{\"@id\":\"https:\\\/\\\/www.kansascommerce.gov\\\/#organization\"},\"articleSection\":[\"Office of Rural Prosperity\",\"Press Releases\"],\"inLanguage\":\"es\"},{\"@type\":\"WebPage\",\"@id\":\"https:\\\/\\\/www.kansascommerce.gov\\\/2019\\\/07\\\/lt-gov-visits-area-and-holds-summit-on-rural-prosperity\\\/\",\"url\":\"https:\\\/\\\/www.kansascommerce.gov\\\/2019\\\/07\\\/lt-gov-visits-area-and-holds-summit-on-rural-prosperity\\\/\",\"name\":\"Lt. gov. visits area and holds summit on rural prosperity - Kansas Department of Commerce\",\"isPartOf\":{\"@id\":\"https:\\\/\\\/www.kansascommerce.gov\\\/#website\"},\"datePublished\":\"2019-07-10T20:48:21+00:00\",\"dateModified\":\"2024-11-26T20:50:21+00:00\",\"breadcrumb\":{\"@id\":\"https:\\\/\\\/www.kansascommerce.gov\\\/2019\\\/07\\\/lt-gov-visits-area-and-holds-summit-on-rural-prosperity\\\/#breadcrumb\"},\"inLanguage\":\"es\",\"potentialAction\":[{\"@type\":\"ReadAction\",\"target\":[\"https:\\\/\\\/www.kansascommerce.gov\\\/2019\\\/07\\\/lt-gov-visits-area-and-holds-summit-on-rural-prosperity\\\/\"]}]},{\"@type\":\"BreadcrumbList\",\"@id\":\"https:\\\/\\\/www.kansascommerce.gov\\\/2019\\\/07\\\/lt-gov-visits-area-and-holds-summit-on-rural-prosperity\\\/#breadcrumb\",\"itemListElement\":[{\"@type\":\"ListItem\",\"position\":1,\"name\":\"Home\",\"item\":\"https:\\\/\\\/www.kansascommerce.gov\\\/\"},{\"@type\":\"ListItem\",\"position\":2,\"name\":\"Lt. gov. visits area and holds summit on rural prosperity\"}]},{\"@type\":\"WebSite\",\"@id\":\"https:\\\/\\\/www.kansascommerce.gov\\\/#website\",\"url\":\"https:\\\/\\\/www.kansascommerce.gov\\\/\",\"name\":\"Kansas Department of Commerce\",\"description\":\"Empowering Prosperity\",\"publisher\":{\"@id\":\"https:\\\/\\\/www.kansascommerce.gov\\\/#organization\"},\"potentialAction\":[{\"@type\":\"SearchAction\",\"target\":{\"@type\":\"EntryPoint\",\"urlTemplate\":\"https:\\\/\\\/www.kansascommerce.gov\\\/?s={search_term_string}\"},\"query-input\":{\"@type\":\"PropertyValueSpecification\",\"valueRequired\":true,\"valueName\":\"search_term_string\"}}],\"inLanguage\":\"es\"},{\"@type\":\"Organization\",\"@id\":\"https:\\\/\\\/www.kansascommerce.gov\\\/#organization\",\"name\":\"Kansas Department of Commerce\",\"url\":\"https:\\\/\\\/www.kansascommerce.gov\\\/\",\"logo\":{\"@type\":\"ImageObject\",\"inLanguage\":\"es\",\"@id\":\"https:\\\/\\\/www.kansascommerce.gov\\\/#\\\/schema\\\/logo\\\/image\\\/\",\"url\":\"https:\\\/\\\/www.kansascommerce.gov\\\/wp-content\\\/uploads\\\/2020\\\/07\\\/kdc_logo.png\",\"contentUrl\":\"https:\\\/\\\/www.kansascommerce.gov\\\/wp-content\\\/uploads\\\/2020\\\/07\\\/kdc_logo.png\",\"width\":600,\"height\":347,\"caption\":\"Kansas Department of Commerce\"},\"image\":{\"@id\":\"https:\\\/\\\/www.kansascommerce.gov\\\/#\\\/schema\\\/logo\\\/image\\\/\"},\"sameAs\":[\"https:\\\/\\\/www.facebook.com\\\/KansasCommerce\\\/\",\"https:\\\/\\\/x.com\\\/KansasCommerce\",\"https:\\\/\\\/www.linkedin.com\\\/company\\\/kansas-department-of-commerce\\\/\"]},{\"@type\":\"Person\",\"@id\":\"https:\\\/\\\/www.kansascommerce.gov\\\/#\\\/schema\\\/person\\\/0d9a9d27428afa935d9a5de01b81e006\",\"name\":\"becca flesher\",\"image\":{\"@type\":\"ImageObject\",\"inLanguage\":\"es\",\"@id\":\"https:\\\/\\\/secure.gravatar.com\\\/avatar\\\/d231abca6ca94470387dae58f8a36eee2618c22e52b6f55a139fcce43903d330?s=96&d=mm&r=g\",\"url\":\"https:\\\/\\\/secure.gravatar.com\\\/avatar\\\/d231abca6ca94470387dae58f8a36eee2618c22e52b6f55a139fcce43903d330?s=96&d=mm&r=g\",\"contentUrl\":\"https:\\\/\\\/secure.gravatar.com\\\/avatar\\\/d231abca6ca94470387dae58f8a36eee2618c22e52b6f55a139fcce43903d330?s=96&d=mm&r=g\",\"caption\":\"becca flesher\"},\"url\":\"https:\\\/\\\/www.kansascommerce.gov\\\/es\\\/author\\\/becca-flesher\\\/\"}]}<\/script>\n<!-- \/ Yoast SEO plugin. -->","yoast_head_json":{"title":"Lt. gov. visits area and holds summit on rural prosperity - Kansas Department of Commerce","robots":{"index":"index","follow":"follow","max-snippet":"max-snippet:-1","max-image-preview":"max-image-preview:large","max-video-preview":"max-video-preview:-1"},"canonical":"https:\/\/www.kansascommerce.gov\/es\/2019\/07\/lt-gov-visits-area-and-holds-summit-on-rural-prosperity\/","og_locale":"es_ES","og_type":"article","og_title":"Lt. gov. visits area and holds summit on rural prosperity - Kansas Department of Commerce","og_description":"About 70 area residents gathered at the Winfield Community Center at Baden Square in Winfield Monday night to define prosperity, what is being done right to encourage prosperity and what is standing in the way of that prosperity in their communities. Among those present, there was a confluence of opinion in each of those categories. [...]","og_url":"https:\/\/www.kansascommerce.gov\/es\/2019\/07\/lt-gov-visits-area-and-holds-summit-on-rural-prosperity\/","og_site_name":"Kansas Department of Commerce","article_publisher":"https:\/\/www.facebook.com\/KansasCommerce\/","article_published_time":"2019-07-10T20:48:21+00:00","article_modified_time":"2024-11-26T20:50:21+00:00","og_image":[{"width":1200,"height":630,"url":"https:\/\/www.kansascommerce.gov\/wp-content\/uploads\/2020\/09\/KDC_OG-MEta.jpg","type":"image\/jpeg"}],"author":"becca flesher","twitter_card":"summary_large_image","twitter_creator":"@KansasCommerce","twitter_site":"@KansasCommerce","twitter_misc":{"Escrito por":"becca flesher","Tiempo de lectura":"3 minutos"},"schema":{"@context":"https:\/\/schema.org","@graph":[{"@type":"Article","@id":"https:\/\/www.kansascommerce.gov\/2019\/07\/lt-gov-visits-area-and-holds-summit-on-rural-prosperity\/#article","isPartOf":{"@id":"https:\/\/www.kansascommerce.gov\/2019\/07\/lt-gov-visits-area-and-holds-summit-on-rural-prosperity\/"},"author":{"name":"becca flesher","@id":"https:\/\/www.kansascommerce.gov\/#\/schema\/person\/0d9a9d27428afa935d9a5de01b81e006"},"headline":"Lt. gov. visits area and holds summit on rural prosperity","datePublished":"2019-07-10T20:48:21+00:00","dateModified":"2024-11-26T20:50:21+00:00","mainEntityOfPage":{"@id":"https:\/\/www.kansascommerce.gov\/2019\/07\/lt-gov-visits-area-and-holds-summit-on-rural-prosperity\/"},"wordCount":504,"publisher":{"@id":"https:\/\/www.kansascommerce.gov\/#organization"},"articleSection":["Office of Rural Prosperity","Press Releases"],"inLanguage":"es"},{"@type":"WebPage","@id":"https:\/\/www.kansascommerce.gov\/2019\/07\/lt-gov-visits-area-and-holds-summit-on-rural-prosperity\/","url":"https:\/\/www.kansascommerce.gov\/2019\/07\/lt-gov-visits-area-and-holds-summit-on-rural-prosperity\/","name":"Lt. gov. visits area and holds summit on rural prosperity - Kansas Department of Commerce","isPartOf":{"@id":"https:\/\/www.kansascommerce.gov\/#website"},"datePublished":"2019-07-10T20:48:21+00:00","dateModified":"2024-11-26T20:50:21+00:00","breadcrumb":{"@id":"https:\/\/www.kansascommerce.gov\/2019\/07\/lt-gov-visits-area-and-holds-summit-on-rural-prosperity\/#breadcrumb"},"inLanguage":"es","potentialAction":[{"@type":"ReadAction","target":["https:\/\/www.kansascommerce.gov\/2019\/07\/lt-gov-visits-area-and-holds-summit-on-rural-prosperity\/"]}]},{"@type":"BreadcrumbList","@id":"https:\/\/www.kansascommerce.gov\/2019\/07\/lt-gov-visits-area-and-holds-summit-on-rural-prosperity\/#breadcrumb","itemListElement":[{"@type":"ListItem","position":1,"name":"Home","item":"https:\/\/www.kansascommerce.gov\/"},{"@type":"ListItem","position":2,"name":"Lt. gov. visits area and holds summit on rural prosperity"}]},{"@type":"WebSite","@id":"https:\/\/www.kansascommerce.gov\/#website","url":"https:\/\/www.kansascommerce.gov\/","name":"Departamento de Comercio de Kansas","description":"Fomentar la prosperidad","publisher":{"@id":"https:\/\/www.kansascommerce.gov\/#organization"},"potentialAction":[{"@type":"SearchAction","target":{"@type":"EntryPoint","urlTemplate":"https:\/\/www.kansascommerce.gov\/?s={search_term_string}"},"query-input":{"@type":"PropertyValueSpecification","valueRequired":true,"valueName":"search_term_string"}}],"inLanguage":"es"},{"@type":"Organization","@id":"https:\/\/www.kansascommerce.gov\/#organization","name":"Departamento de Comercio de Kansas","url":"https:\/\/www.kansascommerce.gov\/","logo":{"@type":"ImageObject","inLanguage":"es","@id":"https:\/\/www.kansascommerce.gov\/#\/schema\/logo\/image\/","url":"https:\/\/www.kansascommerce.gov\/wp-content\/uploads\/2020\/07\/kdc_logo.png","contentUrl":"https:\/\/www.kansascommerce.gov\/wp-content\/uploads\/2020\/07\/kdc_logo.png","width":600,"height":347,"caption":"Kansas Department of Commerce"},"image":{"@id":"https:\/\/www.kansascommerce.gov\/#\/schema\/logo\/image\/"},"sameAs":["https:\/\/www.facebook.com\/KansasCommerce\/","https:\/\/x.com\/KansasCommerce","https:\/\/www.linkedin.com\/company\/kansas-department-of-commerce\/"]},{"@type":"Person","@id":"https:\/\/www.kansascommerce.gov\/#\/schema\/person\/0d9a9d27428afa935d9a5de01b81e006","name":"becca flesher","image":{"@type":"ImageObject","inLanguage":"es","@id":"https:\/\/secure.gravatar.com\/avatar\/d231abca6ca94470387dae58f8a36eee2618c22e52b6f55a139fcce43903d330?s=96&d=mm&r=g","url":"https:\/\/secure.gravatar.com\/avatar\/d231abca6ca94470387dae58f8a36eee2618c22e52b6f55a139fcce43903d330?s=96&d=mm&r=g","contentUrl":"https:\/\/secure.gravatar.com\/avatar\/d231abca6ca94470387dae58f8a36eee2618c22e52b6f55a139fcce43903d330?s=96&d=mm&r=g","caption":"becca flesher"},"url":"https:\/\/www.kansascommerce.gov\/es\/author\/becca-flesher\/"}]}},"publishpress_future_action":{"enabled":false,"date":"2026-09-08 10:09:01","action":"change-status","newStatus":"draft","terms":[],"taxonomy":"category","extraData":[]},"publishpress_future_workflow_manual_trigger":{"enabledWorkflows":[]},"_links":{"self":[{"href":"https:\/\/www.kansascommerce.gov\/es\/wp-json\/wp\/v2\/posts\/979","targetHints":{"allow":["GET"]}}],"collection":[{"href":"https:\/\/www.kansascommerce.gov\/es\/wp-json\/wp\/v2\/posts"}],"about":[{"href":"https:\/\/www.kansascommerce.gov\/es\/wp-json\/wp\/v2\/types\/post"}],"author":[{"embeddable":true,"href":"https:\/\/www.kansascommerce.gov\/es\/wp-json\/wp\/v2\/users\/75"}],"replies":[{"embeddable":true,"href":"https:\/\/www.kansascommerce.gov\/es\/wp-json\/wp\/v2\/comments?post=979"}],"version-history":[{"count":0,"href":"https:\/\/www.kansascommerce.gov\/es\/wp-json\/wp\/v2\/posts\/979\/revisions"}],"wp:attachment":[{"href":"https:\/\/www.kansascommerce.gov\/es\/wp-json\/wp\/v2\/media?parent=979"}],"wp:term":[{"taxonomy":"category","embeddable":true,"href":"https:\/\/www.kansascommerce.gov\/es\/wp-json\/wp\/v2\/categories?post=979"},{"taxonomy":"post_tag","embeddable":true,"href":"https:\/\/www.kansascommerce.gov\/es\/wp-json\/wp\/v2\/tags?post=979"}],"curies":[{"name":"wp","href":"https:\/\/api.w.org\/{rel}","templated":true}]}}